{"id":1001,"date":"2017-10-26T18:39:11","date_gmt":"2017-10-26T18:39:11","guid":{"rendered":"http:\/\/ekosspiritus.hr\/?p=1001"},"modified":"2017-11-07T18:31:38","modified_gmt":"2017-11-07T18:31:38","slug":"najavljujemo-24-satno-klanjanje-na-cerini-2","status":"publish","type":"post","link":"https:\/\/ekosspiritus.hr\/index.php\/2017\/10\/26\/najavljujemo-24-satno-klanjanje-na-cerini-2\/","title":{"rendered":"NAJAVLJUJEMO: 24-satno klanjanje na Cerini"},"content":{"rendered":"<p>Najavljujemo 24-satno klanjanje na Cerini 4. i 5. studenog 2017.<\/p>\n<p>Kako prolazi jesen aktivnosti koje smo na po\u010detku godine najavili u svim sekcijama udruge Ekosspiritus i Hrvatskog planinarskog dru\u0161tva sv. Patrika sve vi\u0161e su iza nas. Osvr\u0107emo se mislima na njih i mo\u017eemo samo zahvaliti Gospodinu na svemu lijepome \u0161to nam je i ove godine darovao.<\/p>\n<p>Okupit \u0107emo se tradicionalno na Cerini i provesti cijeli vikend zajedno po starom kr\u0161\u0107anskom obi\u010daju &#8220;ora et labora&#8221;. Rezervirajte svoje vrijeme i do\u0111ite u prirodu, u mir i ti\u0161inu planinarskog doma &#8220;Cerinski vir&#8221; i njegovu okolicu, do\u0111ite vidjeti drage ljude i kao vrhunac svega &#8211; susretnite se s Gospodinom koji vas \u010deka.<\/p>\n<p>Svoj termin za klanjanje rezervirajte na mail: katarina.pucar@gmail.com. Popis \u0107e se redovito a\u017eurirati na www.ekosspiritus.hr<\/p>\n<p>Dobro do\u0161li!<\/p>\n<p>Vremenik doga\u0111anja:<\/p>\n<p>Rad:<br \/>\n10.00 \u2013 15.00 Radna akcija spremanja drva u \u0161upu (ako vrijeme dopusti)<\/p>\n<p>Molitva:<br \/>\n<strong>15.30 \u2013 16.00\u00a0 Prilika za sakrament pomirenja<\/strong><br \/>\n<strong>16.00 Euharistija, misu predvodi vl\u010d. Vlado Razum, duhovnik bogoslovije<\/strong><br \/>\n<strong><em>17.00 \u2013 18.00 Zajedni\u010dki sat Dru\u0161tva svetog Izidora Seljaka (Radovan Libri\u0107)<\/em><\/strong><br \/>\n<strong>18.00 Ve\u010dera<\/strong><br \/>\n18.00 \u2013 19.00 obitelj Bla\u017eevi\u0107, Mihovil Frater, Marko Gali\u0107, Karlo Bedi\u0107<br \/>\n19.00 \u2013 20.00 obitelj He\u0107imovi\u0107<br \/>\n<em><strong>20. \u2013 21.00 Zajedni\u010dka ura Hrvatskog planinarskog dru\u0161tva sv. Patrika (Martina Razum)<\/strong><\/em><br \/>\n21.00 \u2013 22.00 Zorica i Danijel Deveri\u0107<br \/>\n<em><strong>22.00 \u2013 23.00 Zajedni\u010dka vo\u0111ena ura\u00a0 (Katarina Pu\u010dar)<\/strong> <\/em><\/p>\n<p>23.00 \u2013 24.00 Stjepan Petek<br \/>\n00.00 \u2013 01.00 Josip Petrak<br \/>\n01.00 &#8211; 02.00 Maja Ribari\u0107<br \/>\n02.00 \u2013 03.00<br \/>\n03.00 &#8211; 04.00 Mate Devi\u0107<br \/>\n04.00 \u2013 05.00 Nikola Kuzmi\u010di\u0107<br \/>\n05.00 \u2013 06.00 Mario Kurtovi\u0107<br \/>\n06.00 &#8211; 07.00 Karmela Brki\u0107<br \/>\n07.00 \u2013 08.00<br \/>\n08.00 &#8211; 09.00 Martina Bedrica<\/p>\n<p><strong>9.00 Doru\u010dak<\/strong><br \/>\n09.00. \u2013 10.00 \u017deljko i Tanja Joki\u0107 Perkovi\u0107<br \/>\n10.00 \u2013 11.00 Lea Hrvat i Zvonimir Mati\u0107<br \/>\n11.00 &#8211; 12.00 Obitelj Kenda<br \/>\n12.00 \u2013 13.00 Snje\u017eana i Ivan Domagoj Nikoli\u0107<br \/>\n<strong>13.00 Ru\u010dak<\/strong><br \/>\n13.00 \u2013 14.00<br \/>\n<strong><em>14.00 \u2013 15.00 Zajedni\u010dki sat Obiteljske zajednice Ekosspiritus (Mario Bla\u017eanovi\u0107)<\/em><\/strong><br \/>\n<strong><em>15.00 \u2013 16.00 Zajedni\u010dki sat Bratov\u0161tine sv. Jakova apostola (Radovan Libri\u0107)<\/em><\/strong><br \/>\n<strong>16.00 Euharistija, misu predvodi vl\u010d. Robert Mokri, duhovnik udruge Ekosspiritus<\/strong><br \/>\n<strong>17.00 Zajedni\u010dka ve\u010dera<\/strong><\/p>\n<p>&nbsp;<\/p>\n","protected":false},"excerpt":{"rendered":"<p>Najavljujemo 24-satno klanjanje na Cerini 4. i 5. studenog 2017. Kako prolazi jesen aktivnosti koje smo na po\u010detku godine najavili u svim sekcijama udruge Ekosspiritus i Hrvatskog planinarskog dru\u0161tva sv. Patrika sve<a class=\"moretag\" href=\"https:\/\/ekosspiritus.hr\/index.php\/2017\/10\/26\/najavljujemo-24-satno-klanjanje-na-cerini-2\/\">Read More&#8230;<\/a><\/p>\n","protected":false},"author":2,"featured_media":1003,"comment_status":"closed","ping_status":"open","sticky":false,"template":"","format":"standard","meta":{"footnotes":""},"categories":[23],"tags":[],"class_list":["post-1001","post","type-post","status-publish","format-standard","has-post-thumbnail","hentry","category-cerina-clanak"],"_links":{"self":[{"href":"https:\/\/ekosspiritus.hr\/index.php\/wp-json\/wp\/v2\/posts\/1001","targetHints":{"allow":["GET"]}}],"collection":[{"href":"https:\/\/ekosspiritus.hr\/index.php\/wp-json\/wp\/v2\/posts"}],"about":[{"href":"https:\/\/ekosspiritus.hr\/index.php\/wp-json\/wp\/v2\/types\/post"}],"author":[{"embeddable":true,"href":"https:\/\/ekosspiritus.hr\/index.php\/wp-json\/wp\/v2\/users\/2"}],"replies":[{"embeddable":true,"href":"https:\/\/ekosspiritus.hr\/index.php\/wp-json\/wp\/v2\/comments?post=1001"}],"version-history":[{"count":8,"href":"https:\/\/ekosspiritus.hr\/index.php\/wp-json\/wp\/v2\/posts\/1001\/revisions"}],"predecessor-version":[{"id":1011,"href":"https:\/\/ekosspiritus.hr\/index.php\/wp-json\/wp\/v2\/posts\/1001\/revisions\/1011"}],"wp:featuredmedia":[{"embeddable":true,"href":"https:\/\/ekosspiritus.hr\/index.php\/wp-json\/wp\/v2\/media\/1003"}],"wp:attachment":[{"href":"https:\/\/ekosspiritus.hr\/index.php\/wp-json\/wp\/v2\/media?parent=1001"}],"wp:term":[{"taxonomy":"category","embeddable":true,"href":"https:\/\/ekosspiritus.hr\/index.php\/wp-json\/wp\/v2\/categories?post=1001"},{"taxonomy":"post_tag","embeddable":true,"href":"https:\/\/ekosspiritus.hr\/index.php\/wp-json\/wp\/v2\/tags?post=1001"}],"curies":[{"name":"wp","href":"https:\/\/api.w.org\/{rel}","templated":true}]}}