{"id":1027,"date":"2017-11-22T15:12:13","date_gmt":"2017-11-22T15:12:13","guid":{"rendered":"http:\/\/ekosspiritus.hr\/?p=1027"},"modified":"2017-11-22T15:12:13","modified_gmt":"2017-11-22T15:12:13","slug":"najavljujemo-adventska-duhovna-obnova-na-cerini","status":"publish","type":"post","link":"https:\/\/ekosspiritus.hr\/index.php\/2017\/11\/22\/najavljujemo-adventska-duhovna-obnova-na-cerini\/","title":{"rendered":"NAJAVLJUJEMO: Adventska duhovna obnova na Cerini"},"content":{"rendered":"<p>Onima \u0161to mrkli kraj smrti obitavahu\u2026( Iz 9,1 )<\/p>\n<p>Duhovni vikend za \u010dlanove Obiteljske zajednice udruge Ekosspiritus odr\u017eati \u0107e se u subotu i nedjelju 9. i 10. prosinca 2017. na Cerini u planinarskom domu Cerinski vir. Duhovne nagovore imati \u0107e Nikola Kuzmi\u010di\u0107 u subotu i Radovan Libri\u0107 u nedjelju, obojica vjerou\u010ditelji, \u010dlanovi udruge. Vikend \u0107e zavr\u0161iti svetom misom u nedjelju u 14:00 sati koju \u0107e predvoditi vl\u010d. Domagoj Mato\u0161evi\u0107, rektor sveti\u0161ta u Mariji Bistrici. Tema susreta je \u201eOnima \u0161to mrkli kraj smrti obitavahu&#8230;\u201c, dio poznate re\u010denice proroka Izaije.<br \/>\nMario Bla\u017eanovi\u0107 prima prijave za obitelji, a prijava se mora potvrditi nov\u010danom uplatom s kojom \u0107e se pokriti tro\u0161kovi hrane.<br \/>\nI ostali \u010dlanovi se mogu prijaviti i do\u0107i na Cerinu ako \u017eele sudjelovati u pripremi za Bo\u017ei\u0107.<br \/>\nPrijave su na mail : ekosspiritus@gmail.com<br \/>\nMolimo sve koji dolaze na susret neka se dr\u017ee okvirnog plana susreta.<br \/>\nRadujemo se va\u0161em dolasku!<\/p>\n<p>Plan doga\u0111anja:<br \/>\nSubota<br \/>\n12.30 ru\u010dak<br \/>\n14.30 prvi nagovor<br \/>\n15.30 odmor<br \/>\n16.30 drugi nagovor<br \/>\n18.00 ve\u010dera<br \/>\n19.30 tre\u0107i nagovor<br \/>\nDru\u0161tvene igre, dru\u017eenje, no\u0107enje<br \/>\nNedjelja<br \/>\n8.30 doru\u010dak<br \/>\n09.30 \u010detvrti nagovor<br \/>\n12.00 ru\u010dak<br \/>\n14,00 sveta misa<\/p>\n","protected":false},"excerpt":{"rendered":"<p>Onima \u0161to mrkli kraj smrti obitavahu\u2026( Iz 9,1 ) Duhovni vikend za \u010dlanove Obiteljske zajednice udruge Ekosspiritus odr\u017eati \u0107e se u subotu i nedjelju 9. i 10. prosinca 2017. na Cerini u<a class=\"moretag\" href=\"https:\/\/ekosspiritus.hr\/index.php\/2017\/11\/22\/najavljujemo-adventska-duhovna-obnova-na-cerini\/\">Read More&#8230;<\/a><\/p>\n","protected":false},"author":2,"featured_media":1028,"comment_status":"closed","ping_status":"open","sticky":false,"template":"","format":"standard","meta":{"footnotes":""},"categories":[1],"tags":[],"class_list":["post-1027","post","type-post","status-publish","format-standard","has-post-thumbnail","hentry","category-ekosspiritus"],"_links":{"self":[{"href":"https:\/\/ekosspiritus.hr\/index.php\/wp-json\/wp\/v2\/posts\/1027","targetHints":{"allow":["GET"]}}],"collection":[{"href":"https:\/\/ekosspiritus.hr\/index.php\/wp-json\/wp\/v2\/posts"}],"about":[{"href":"https:\/\/ekosspiritus.hr\/index.php\/wp-json\/wp\/v2\/types\/post"}],"author":[{"embeddable":true,"href":"https:\/\/ekosspiritus.hr\/index.php\/wp-json\/wp\/v2\/users\/2"}],"replies":[{"embeddable":true,"href":"https:\/\/ekosspiritus.hr\/index.php\/wp-json\/wp\/v2\/comments?post=1027"}],"version-history":[{"count":1,"href":"https:\/\/ekosspiritus.hr\/index.php\/wp-json\/wp\/v2\/posts\/1027\/revisions"}],"predecessor-version":[{"id":1029,"href":"https:\/\/ekosspiritus.hr\/index.php\/wp-json\/wp\/v2\/posts\/1027\/revisions\/1029"}],"wp:featuredmedia":[{"embeddable":true,"href":"https:\/\/ekosspiritus.hr\/index.php\/wp-json\/wp\/v2\/media\/1028"}],"wp:attachment":[{"href":"https:\/\/ekosspiritus.hr\/index.php\/wp-json\/wp\/v2\/media?parent=1027"}],"wp:term":[{"taxonomy":"category","embeddable":true,"href":"https:\/\/ekosspiritus.hr\/index.php\/wp-json\/wp\/v2\/categories?post=1027"},{"taxonomy":"post_tag","embeddable":true,"href":"https:\/\/ekosspiritus.hr\/index.php\/wp-json\/wp\/v2\/tags?post=1027"}],"curies":[{"name":"wp","href":"https:\/\/api.w.org\/{rel}","templated":true}]}}