{"id":1093,"date":"2018-03-19T20:08:52","date_gmt":"2018-03-19T20:08:52","guid":{"rendered":"http:\/\/ekosspiritus.hr\/?p=1093"},"modified":"2018-03-19T20:08:52","modified_gmt":"2018-03-19T20:08:52","slug":"dogodilo-se-61-planinarski-krizni-put","status":"publish","type":"post","link":"https:\/\/ekosspiritus.hr\/index.php\/2018\/03\/19\/dogodilo-se-61-planinarski-krizni-put\/","title":{"rendered":"DOGODILO SE: 61. PLANINARSKI KRI\u017dNI PUT"},"content":{"rendered":"<p>Kao da je ju\u010der bilo kada smo slavili jubilej, velikih 30 godina odr\u017eavanja planinarskog kri\u017enog puta. A onda je pro\u0161lo tek nekoliko mjeseci, izmijenilo se tek jedno godi\u0161nje doba \u2013 i eto nas ve\u0107 i 31. godini, u 61. pohodu i u bezbrojnim novim uspomenama i pustolovinama.<br \/>\nU vikendu 17. i 18. o\u017eujka 2018. putovali smo u Austriju, posjetiv\u0161i gradi\u0161\u0107anske hrvate koji tamo ve\u0107 500 godina \u010duvaju svoj hrvatski jezik, obi\u010daje i tradiciju i ovo im je bio velik znak da ih Domovina nije zaboravila. Posjetili smo ih sa sedam autobusa hodo\u010dasnika, tako da je kraju u hodu sudjelovalo oko 500 ljudi: ki\u0161i, vjetru i snijegu usprkos. Bio je to trojezi\u010dni pohod: hrvatski, njema\u010dki i gradi\u0161\u0107anski koji je jo\u0161 jednom pokazao da bez obzira kojim se jezikom slu\u017eili, Rije\u010d Bo\u017eja je svima ista i sve povezuje. Testove meditacija nad kojima smo razmatrali na postajama napisala je vjerou\u010diteljica Katarina Pu\u010dar izdvojiv\u0161i 14 Isusovih pitanja iz evan\u0111elja i spajaju\u0107i ih sa poukom kri\u017enog puta.<br \/>\nOkupili smo se u mjestu \u010cajta, gdje je odmah uz crkvu samostan \u010dasnih sestara klarisa koje godinama mole za uspjeh ove pobo\u017enosti po inicijativi \u010dlanice Emanele Bla\u017ean. Krenulo se u ki\u0161u, u beskrajne austrijske ravnice, prema mjestu Pinkovac, hrvatsko selo u kojem su sve podredili primanju i smje\u0161taju hoda\u010da koji su u njihovoj \u017eupi no\u0107ili. \u017dupnik Josip Banfi\u0107 i njegovi suradnici pokazali su se kao velikodu\u0161ni i organizirani doma\u0107ini. Prije ve\u010dernje euharistije katehezu na temu pohoda \u201eNavije\u0161taj Rije\u010d, uporan budi!\u201c (2 Tim 4, 2) odr\u017eao je vjerou\u010ditelj Radovan Libri\u0107, a misu je predvodio biskupski vikar Stefan Vukits, sve\u0107enik hrvatskog podrijetla, vidljivo odu\u0161evljen onime \u0161to svaki planinarski kri\u017eni put donosi: odu\u0161evljenje za Krista usprkos umoru, mokrim nogama, skromnosti \u017eivota. No\u0107ilo se na \u010dak tri mjesta, a voditelji autobusa i animatori su uobi\u010dajeno i velikodu\u0161no odra\u0111ivali velik dio posla kako bi sve funkcioniralo. Ve\u010deru je pripremila vojska, pozdravio nas je vojni kapelan, a pratili su nas i austrijski mediji.<br \/>\nNedjeljno jutro otkrilo je krajolik pokriven snijegom, ali i obe\u0107anje ne\u0161to kra\u0107e dnevne dionice \u2013 \u017eurili smo prema posljednjoj postaji u mjestu Stinjaki. \u017durili smo prema vrhuncu pohoda u zavr\u0161noj euharistiji koja je pokazala svu povezanost domovinske i iseljene Hrvatske. Rijetko se doga\u0111a da planinarski kri\u017eni put hoda dok pada snijeg. Ovaj pohod \u0107e ostati zapam\u0107en i po tom detalju. Do\u010dekao nas je \u017eupnik Stefan Jahns koji je s ljudima koje okuplja u \u017eupi u\u010dinio da se osje\u0107amo ba\u0161 kao kod ku\u0107e \u2013 ugodno, prihva\u0107eno, toplo. Velikodu\u0161na ve\u010dera je trajala i trajala i du\u017ee od planiranoga odgodila povratak ku\u0107ama.<br \/>\nNa sve\u010danoj zavr\u0161noj euharistiji smo se susreli u na\u0161em zajedni\u010dkom jeziku, s predstavnicima obu\u010denima u narodne no\u0161nje, u propovijedi vl\u010d. Milana Ker\u0161a, u naizmjeni\u010dnim pjesmama \u2013 onih s kri\u017enog puta, a zatim i onih koje se ina\u010de pjevaju u toj \u017eupi, uz animaciju \u017eupnog zbora. Dugo smo ostali u toj crkvi slave\u0107i Gospodina, slave\u0107i ono \u0161to se ova dva dana dogodilo \u2013 kako su se ljudi prisjetili zajedni\u010dkih korijena koje imaju i pokazali da se prepoznaju \u010dak ako ih ina\u010de dijeli i prostor i vrijeme. Nadamo se da \u0107e pobo\u017enost planinarskog kri\u017enog puta zalaganjem udruge Ekosspiritus za\u017eivjeti i izvan granica na\u0161e Domovine. Sve\u0107enici, posebno p. Josef Haspel, i vjernici koje smo susreli u ovom pohodu, predvo\u0111eni vjernikom laikom Stefanom Matkovitsom koji je ulo\u017eio jako puno truda kako bi se ovaj pohod odr\u017eao, su to obe\u0107ali.<\/p>\n","protected":false},"excerpt":{"rendered":"<p>Kao da je ju\u010der bilo kada smo slavili jubilej, velikih 30 godina odr\u017eavanja planinarskog kri\u017enog puta. A onda je pro\u0161lo tek nekoliko mjeseci, izmijenilo se tek jedno godi\u0161nje doba \u2013 i eto<a class=\"moretag\" href=\"https:\/\/ekosspiritus.hr\/index.php\/2018\/03\/19\/dogodilo-se-61-planinarski-krizni-put\/\">Read More&#8230;<\/a><\/p>\n","protected":false},"author":2,"featured_media":1094,"comment_status":"closed","ping_status":"open","sticky":false,"template":"","format":"standard","meta":{"footnotes":""},"categories":[18],"tags":[],"class_list":["post-1093","post","type-post","status-publish","format-standard","has-post-thumbnail","hentry","category-pkp-clanak"],"_links":{"self":[{"href":"https:\/\/ekosspiritus.hr\/index.php\/wp-json\/wp\/v2\/posts\/1093","targetHints":{"allow":["GET"]}}],"collection":[{"href":"https:\/\/ekosspiritus.hr\/index.php\/wp-json\/wp\/v2\/posts"}],"about":[{"href":"https:\/\/ekosspiritus.hr\/index.php\/wp-json\/wp\/v2\/types\/post"}],"author":[{"embeddable":true,"href":"https:\/\/ekosspiritus.hr\/index.php\/wp-json\/wp\/v2\/users\/2"}],"replies":[{"embeddable":true,"href":"https:\/\/ekosspiritus.hr\/index.php\/wp-json\/wp\/v2\/comments?post=1093"}],"version-history":[{"count":1,"href":"https:\/\/ekosspiritus.hr\/index.php\/wp-json\/wp\/v2\/posts\/1093\/revisions"}],"predecessor-version":[{"id":1095,"href":"https:\/\/ekosspiritus.hr\/index.php\/wp-json\/wp\/v2\/posts\/1093\/revisions\/1095"}],"wp:featuredmedia":[{"embeddable":true,"href":"https:\/\/ekosspiritus.hr\/index.php\/wp-json\/wp\/v2\/media\/1094"}],"wp:attachment":[{"href":"https:\/\/ekosspiritus.hr\/index.php\/wp-json\/wp\/v2\/media?parent=1093"}],"wp:term":[{"taxonomy":"category","embeddable":true,"href":"https:\/\/ekosspiritus.hr\/index.php\/wp-json\/wp\/v2\/categories?post=1093"},{"taxonomy":"post_tag","embeddable":true,"href":"https:\/\/ekosspiritus.hr\/index.php\/wp-json\/wp\/v2\/tags?post=1093"}],"curies":[{"name":"wp","href":"https:\/\/api.w.org\/{rel}","templated":true}]}}