{"id":1121,"date":"2018-04-24T13:45:18","date_gmt":"2018-04-24T13:45:18","guid":{"rendered":"http:\/\/ekosspiritus.hr\/?p=1121"},"modified":"2018-04-24T13:45:18","modified_gmt":"2018-04-24T13:45:18","slug":"najavljujemo-blagoslov-obnovljenog-raspela-na-cerini","status":"publish","type":"post","link":"https:\/\/ekosspiritus.hr\/index.php\/2018\/04\/24\/najavljujemo-blagoslov-obnovljenog-raspela-na-cerini\/","title":{"rendered":"NAJAVLJUJEMO: Blagoslov obnovljenog raspela na Cerini"},"content":{"rendered":"<p>Blagoslov obnovljenog raspela na Cerini<\/p>\n<p>Sveta misa pod kojom \u0107e se blagosloviti obnovljeno raspelo na Cerini biti \u0107e u subotu, 28. travnja u 16.00 sati. Pozivamo sve \u010dlanove, prijatelje, mje\u0161tane, planinare, sve one koji vole do\u0107i na Cerinu.<\/p>\n<p>Misa \u0107e biti u \u010dast sv. Jurja i sv. Izidora Seljaka, dvojice svetaca koji se \u010daste na Cerini.<\/p>\n<p>Nakon mise zadr\u017eati \u0107emo se u zajedni\u0161tvu pa mo\u017eete donjeti kola\u010d za zajedni\u010dki stol.<\/p>\n<p>Radosno vas o\u010dekujemo!<\/p>\n","protected":false},"excerpt":{"rendered":"<p>Blagoslov obnovljenog raspela na Cerini Sveta misa pod kojom \u0107e se blagosloviti obnovljeno raspelo na Cerini biti \u0107e u subotu, 28. travnja u 16.00 sati. Pozivamo sve \u010dlanove, prijatelje, mje\u0161tane, planinare, sve<a class=\"moretag\" href=\"https:\/\/ekosspiritus.hr\/index.php\/2018\/04\/24\/najavljujemo-blagoslov-obnovljenog-raspela-na-cerini\/\">Read More&#8230;<\/a><\/p>\n","protected":false},"author":2,"featured_media":1122,"comment_status":"closed","ping_status":"open","sticky":false,"template":"","format":"standard","meta":{"footnotes":""},"categories":[22],"tags":[],"class_list":["post-1121","post","type-post","status-publish","format-standard","has-post-thumbnail","hentry","category-cerina-najava"],"_links":{"self":[{"href":"https:\/\/ekosspiritus.hr\/index.php\/wp-json\/wp\/v2\/posts\/1121","targetHints":{"allow":["GET"]}}],"collection":[{"href":"https:\/\/ekosspiritus.hr\/index.php\/wp-json\/wp\/v2\/posts"}],"about":[{"href":"https:\/\/ekosspiritus.hr\/index.php\/wp-json\/wp\/v2\/types\/post"}],"author":[{"embeddable":true,"href":"https:\/\/ekosspiritus.hr\/index.php\/wp-json\/wp\/v2\/users\/2"}],"replies":[{"embeddable":true,"href":"https:\/\/ekosspiritus.hr\/index.php\/wp-json\/wp\/v2\/comments?post=1121"}],"version-history":[{"count":1,"href":"https:\/\/ekosspiritus.hr\/index.php\/wp-json\/wp\/v2\/posts\/1121\/revisions"}],"predecessor-version":[{"id":1123,"href":"https:\/\/ekosspiritus.hr\/index.php\/wp-json\/wp\/v2\/posts\/1121\/revisions\/1123"}],"wp:featuredmedia":[{"embeddable":true,"href":"https:\/\/ekosspiritus.hr\/index.php\/wp-json\/wp\/v2\/media\/1122"}],"wp:attachment":[{"href":"https:\/\/ekosspiritus.hr\/index.php\/wp-json\/wp\/v2\/media?parent=1121"}],"wp:term":[{"taxonomy":"category","embeddable":true,"href":"https:\/\/ekosspiritus.hr\/index.php\/wp-json\/wp\/v2\/categories?post=1121"},{"taxonomy":"post_tag","embeddable":true,"href":"https:\/\/ekosspiritus.hr\/index.php\/wp-json\/wp\/v2\/tags?post=1121"}],"curies":[{"name":"wp","href":"https:\/\/api.w.org\/{rel}","templated":true}]}}