{"id":1133,"date":"2018-05-15T08:49:06","date_gmt":"2018-05-15T08:49:06","guid":{"rendered":"http:\/\/ekosspiritus.hr\/?p=1133"},"modified":"2018-05-15T08:49:06","modified_gmt":"2018-05-15T08:49:06","slug":"dogodilo-se-hrvatska-kakvu-ne-poznajete-turopolje","status":"publish","type":"post","link":"https:\/\/ekosspiritus.hr\/index.php\/2018\/05\/15\/dogodilo-se-hrvatska-kakvu-ne-poznajete-turopolje\/","title":{"rendered":"DOGODILO SE: Hrvatska kakvu ne poznajete &#8211; Turopolje"},"content":{"rendered":"<p>U subotu 12, svibnja odr\u017ean je u Turopolju ve\u0107 uhodani projekt udruge Ekosspiritus i Dru\u0161tva sv. Izidora Seljaka pod nazivom\u00a0 \u201eHrvatska kakvu ne poznajete!\u201c. \u010clanovi Dru\u0161tva sv. Izidora Seljaka i njihovi prijatelji posjetili su vrijedne spomenika kulture: drvene kapele, kurije i \u017eupne crkve u Turopolju. Po\u010detak je bio u Velikoj Mlaki i razgledom drvene crkve sv. Barbare, a nastavilo se s kurijom Modri\u0107 \u2013 Bedekovi\u0107 u Donjoj Lomnici, starom gradu Lukavec, crkvom Majke Bo\u017eje Snje\u017ene u Dubrancu, Kapeli sv. Antuna u Gustelnici,kapelom sv. Roka u Cvetkovi\u0107 Brdu, a zavr\u0161ilo u izleti\u0161tu Klju\u010di\u0107 Brdo tjelesnom okrjepom. Svetom misom u crkvi sv. Petra i Pavla u Velikoj Gorici zahvalili su svi prisutni za ovako lijep izlet svome Gospodinu.<br \/>\nIzlet je sve obogatio novim spoznajama o drvenoj arihekturi, i povijesti Turopolja, a na nekim mjestima na\u0161li smo izravne poveznice s na\u0161im Samoborom iz kojeg su pristigli \u017eupnici koji su slu\u017ebovali u Turopolju ili drveni majstori koji su obnavljali kapele.<br \/>\nIzlet je organizirao Marko Hrka\u0107, \u010dlan Dru\u0161tva sv. Izidora Seljaka s stanovanjem u Velikoj Gorici. Stru\u010dno vodstvo preuzeo je Stjepan \u0160ipu\u0161i\u0107, a organizaciju putovanja Branka Toth, predsjednica Dru\u0161tva.<br \/>\nLijepo proveden dan u zajedni\u0161tvu obogatile su \u010dlanice Dru\u0161tva sv. Izidora Seljaka obukav\u0161i svoju tradicionalnu odje\u0107u prezentiraju\u0107i tradicisko odjevanje na na\u0161em putovanju.<\/p>\n","protected":false},"excerpt":{"rendered":"<p>U subotu 12, svibnja odr\u017ean je u Turopolju ve\u0107 uhodani projekt udruge Ekosspiritus i Dru\u0161tva sv. Izidora Seljaka pod nazivom\u00a0 \u201eHrvatska kakvu ne poznajete!\u201c. \u010clanovi Dru\u0161tva sv. Izidora Seljaka i njihovi prijatelji<a class=\"moretag\" href=\"https:\/\/ekosspiritus.hr\/index.php\/2018\/05\/15\/dogodilo-se-hrvatska-kakvu-ne-poznajete-turopolje\/\">Read More&#8230;<\/a><\/p>\n","protected":false},"author":2,"featured_media":1134,"comment_status":"closed","ping_status":"open","sticky":false,"template":"","format":"standard","meta":{"footnotes":""},"categories":[16],"tags":[],"class_list":["post-1133","post","type-post","status-publish","format-standard","has-post-thumbnail","hentry","category-izleti-clanak"],"_links":{"self":[{"href":"https:\/\/ekosspiritus.hr\/index.php\/wp-json\/wp\/v2\/posts\/1133","targetHints":{"allow":["GET"]}}],"collection":[{"href":"https:\/\/ekosspiritus.hr\/index.php\/wp-json\/wp\/v2\/posts"}],"about":[{"href":"https:\/\/ekosspiritus.hr\/index.php\/wp-json\/wp\/v2\/types\/post"}],"author":[{"embeddable":true,"href":"https:\/\/ekosspiritus.hr\/index.php\/wp-json\/wp\/v2\/users\/2"}],"replies":[{"embeddable":true,"href":"https:\/\/ekosspiritus.hr\/index.php\/wp-json\/wp\/v2\/comments?post=1133"}],"version-history":[{"count":1,"href":"https:\/\/ekosspiritus.hr\/index.php\/wp-json\/wp\/v2\/posts\/1133\/revisions"}],"predecessor-version":[{"id":1135,"href":"https:\/\/ekosspiritus.hr\/index.php\/wp-json\/wp\/v2\/posts\/1133\/revisions\/1135"}],"wp:featuredmedia":[{"embeddable":true,"href":"https:\/\/ekosspiritus.hr\/index.php\/wp-json\/wp\/v2\/media\/1134"}],"wp:attachment":[{"href":"https:\/\/ekosspiritus.hr\/index.php\/wp-json\/wp\/v2\/media?parent=1133"}],"wp:term":[{"taxonomy":"category","embeddable":true,"href":"https:\/\/ekosspiritus.hr\/index.php\/wp-json\/wp\/v2\/categories?post=1133"},{"taxonomy":"post_tag","embeddable":true,"href":"https:\/\/ekosspiritus.hr\/index.php\/wp-json\/wp\/v2\/tags?post=1133"}],"curies":[{"name":"wp","href":"https:\/\/api.w.org\/{rel}","templated":true}]}}