{"id":1148,"date":"2018-06-04T17:59:16","date_gmt":"2018-06-04T17:59:16","guid":{"rendered":"http:\/\/ekosspiritus.hr\/?p=1148"},"modified":"2018-06-04T17:59:16","modified_gmt":"2018-06-04T17:59:16","slug":"najavljujemo-ljeto-u-taizeu","status":"publish","type":"post","link":"https:\/\/ekosspiritus.hr\/index.php\/2018\/06\/04\/najavljujemo-ljeto-u-taizeu\/","title":{"rendered":"NAJAVLJUJEMO: Ljeto u Taizeu"},"content":{"rendered":"<p>Pozdrav dragi budu\u0107i i mogu\u0107i putnici i hodo\u010dasnici! \ud83d\ude42<\/p>\n<p>Osim ve\u0107 svima poznatih organizacija putovanja na novogodi\u0161nje<br \/>\neuropske susrete mladih i zajednice Taiz\u00e9 i ove godine odlu\u010dili smo<br \/>\nomogu\u0107iti svim zainteresiranima da iskuse jedan tjedan u samome<br \/>\nselu Taiz\u00e9 u \u017eivotu sa zajednicom i mladima.<\/p>\n<p>Nudimo odlazak na mjesto gdje mo\u017eete do\u017eivjeti vrlo<br \/>\nposebno iskustvo molitve s mladima iz svih krajeva svijeta,<br \/>\niskustvo susreta me\u0111u razli\u010ditim kulturama i jezicima, iskustvo<br \/>\npomirenja i zajedni\u0161tva s mnogo razli\u010ditosti, a sve u jednom<br \/>\nmalenom selu u srcu francuske Burgundije, u selu Taiz\u00e9.<\/p>\n<p>Ako si jedna\/an od onih koji su se odva\u017eili ove godine po prvi<br \/>\nputa ili ponovno i\u0107i u Taiz\u00e9, u privitku mo\u017ee\u0161 prona\u0107i sve potrebne<br \/>\ninformacije o samom putovanju, kako se prijaviti, kolika je cijena i dr.<\/p>\n<p>Tako\u0111er za vi\u0161e informacija o raznim doga\u0111anjima vezanim uz<br \/>\nTaiz\u00e9 u Zagrebu, ali i \u0161ire pozivamo vas da nas pratite na Facebook<br \/>\nstranici Taiz\u00e9 Zagreb, najva\u017enije informacije i dalje \u0107emo slati preko<br \/>\nmailing liste, ali ako \u017eelite ne\u0161to interaktivnije i \u010de\u0161\u0107e obavijesti<br \/>\npozivamo vas da nam se pridru\u017eite i na Facebooku.<\/p>\n<p>Prou\u010dite ponudu sa sljede\u0107eg linka:<\/p>\n<p><a style=\"color: #ea9629; text-decoration-line: underline; outline: 0px;\" href=\"http:\/\/ekosspiritus.hr\/wp-content\/uploads\/2018\/06\/taize2018ponuda.pdf\">taize2018ponuda<\/a><\/p>\n<p>Za sva pitanja stojimo na raspolaganju! Veselimo se tvom odazivu i dolasku! \ud83d\ude42<\/p>\n","protected":false},"excerpt":{"rendered":"<p>Pozdrav dragi budu\u0107i i mogu\u0107i putnici i hodo\u010dasnici! \ud83d\ude42 Osim ve\u0107 svima poznatih organizacija putovanja na novogodi\u0161nje europske susrete mladih i zajednice Taiz\u00e9 i ove godine odlu\u010dili smo omogu\u0107iti svim zainteresiranima da<a class=\"moretag\" href=\"https:\/\/ekosspiritus.hr\/index.php\/2018\/06\/04\/najavljujemo-ljeto-u-taizeu\/\">Read More&#8230;<\/a><\/p>\n","protected":false},"author":2,"featured_media":1150,"comment_status":"closed","ping_status":"open","sticky":false,"template":"","format":"standard","meta":{"footnotes":""},"categories":[17],"tags":[],"class_list":["post-1148","post","type-post","status-publish","format-standard","has-post-thumbnail","hentry","category-izleti-najava"],"_links":{"self":[{"href":"https:\/\/ekosspiritus.hr\/index.php\/wp-json\/wp\/v2\/posts\/1148","targetHints":{"allow":["GET"]}}],"collection":[{"href":"https:\/\/ekosspiritus.hr\/index.php\/wp-json\/wp\/v2\/posts"}],"about":[{"href":"https:\/\/ekosspiritus.hr\/index.php\/wp-json\/wp\/v2\/types\/post"}],"author":[{"embeddable":true,"href":"https:\/\/ekosspiritus.hr\/index.php\/wp-json\/wp\/v2\/users\/2"}],"replies":[{"embeddable":true,"href":"https:\/\/ekosspiritus.hr\/index.php\/wp-json\/wp\/v2\/comments?post=1148"}],"version-history":[{"count":1,"href":"https:\/\/ekosspiritus.hr\/index.php\/wp-json\/wp\/v2\/posts\/1148\/revisions"}],"predecessor-version":[{"id":1151,"href":"https:\/\/ekosspiritus.hr\/index.php\/wp-json\/wp\/v2\/posts\/1148\/revisions\/1151"}],"wp:featuredmedia":[{"embeddable":true,"href":"https:\/\/ekosspiritus.hr\/index.php\/wp-json\/wp\/v2\/media\/1150"}],"wp:attachment":[{"href":"https:\/\/ekosspiritus.hr\/index.php\/wp-json\/wp\/v2\/media?parent=1148"}],"wp:term":[{"taxonomy":"category","embeddable":true,"href":"https:\/\/ekosspiritus.hr\/index.php\/wp-json\/wp\/v2\/categories?post=1148"},{"taxonomy":"post_tag","embeddable":true,"href":"https:\/\/ekosspiritus.hr\/index.php\/wp-json\/wp\/v2\/tags?post=1148"}],"curies":[{"name":"wp","href":"https:\/\/api.w.org\/{rel}","templated":true}]}}