{"id":1156,"date":"2018-06-18T16:48:54","date_gmt":"2018-06-18T16:48:54","guid":{"rendered":"http:\/\/ekosspiritus.hr\/?p=1156"},"modified":"2018-06-18T16:48:54","modified_gmt":"2018-06-18T16:48:54","slug":"dogodilo-se-sveta-misa-pod-svetim-brdom","status":"publish","type":"post","link":"https:\/\/ekosspiritus.hr\/index.php\/2018\/06\/18\/dogodilo-se-sveta-misa-pod-svetim-brdom\/","title":{"rendered":"DOGODILO SE: Sveta misa pod Svetim Brdom"},"content":{"rendered":"<p>DOGODILO SE: Sveta misa pod Svetim Brdom<\/p>\n<p>\u201eVe\u0107e ljubavi nitko nema od ove: da tko \u017eivot svoj polo\u017ei za svoje prijatelje.\u201c (Iv 15, 13)<\/p>\n<p>Pod navedenim geslom iz Ivanovog evan\u0111elja okupilo se u to subotnje jutro stotinjak planinara u mjestu Sveti Rok i zabrinuto gledalo u oblacima zavijen Velebit. Prognoza nije bila najbolja, ali je cilj i motiv bio najbolji, pa odustajanje nije dolazilo u obzir. Svi su uspjeli do\u0107i do planinarskog skloni\u0161ta Du\u0161ice, a onda su oni najhrabriji krenuli i na sam vrh Svetog Brda. Bilo je mnogo hrabrih, vjetru i oblacima i hladno\u0107i usprkos. Iako je izvorno bila planirana misa na samom vrhu, vremenski uvjeti su to pretvorili u misu ispod brda. Ili je to samo Gospodin odlu\u010dio da svi budemo u zajedni\u0161tvu za taj sve\u010dan \u010din.<br \/>\nKod spomenika zbjega podvelebitskih sela polo\u017eena su dva vijenca: veterani u ime branitelja tih prostora i planinari u ime HPD \u201cSv. Patrik\u201d koji je organizirao cijeli doga\u0111aj. Dan je zavr\u0161io grahom i dru\u017eenjem i gledanjem utakmice u Pivnici Pupi u Svetom Roku. Nadamo se da \u0107e ovaj dan prije\u0107i u tradiciju, a tko \u0107e bolje potaknuti ostala planinarska dru\u0161tva od Josipa koji je organizirao pohod. Pro\u010ditajte kako je on do\u017eivio ovaj dan:<\/p>\n<p>U subotu, 16.6.2018. kao planinari i kr\u0161\u0107ani rekli smo jedno veliko hvala. Na\u0161 Velebit, kojega toliko volimo, 1991. godine htjela je pregaziti srbo-\u010detni\u010dka \u010dizma koja je do tada ve\u0107 na\u017ealost ostavila krvavi trag, kako u Lici i podvelebitskom podru\u010dju, tako i u drugim dijelovima zemlje.<br \/>\nTada se pokazala hrabrost hrvatskog planinara, policajca i vojnika. Hrvatski planinari, alpinisti i GSS zdru\u017eeni u Planinsku satniju Velebit, uz rame Specijalne policije i Tigrova, zavladali su vrhovima Velebita i sprije\u010dili daljnji prodor neprijatelja. Mnogi Li\u010dani morali su preko Velebita bje\u017eati kako bi spasili \u017eivot. U samom zbjegu i tijekom ratnih godina, hrvatski policajci i vojnici dali su svoje \u017eivote brane\u0107i na\u0161u Hrvatsku, na\u0161 Velebit.<br \/>\nKao planinari htjeli smo na\u0161em boravku u planini dati neki ve\u0107i smisao i pro\u0107i kri\u017eni put stanovnika Svetog Roka, Lovinca i okolnih sela. Na\u0161 hod bio bi nepotpun da s nama nisu bili veterani gore navedenih postrojbi. Upravo su karlova\u010dki Gromovi dr\u017eali polo\u017eaje od Malog Alana, Du\u0161ica do Libinja. Na Du\u0161icama nam se obratio pripadnik Planinske satnije Velebit, gospodin \u017deljko Avdagi\u0107, \u010dije su nas rije\u010di svjedo\u010danstva ostavile bez daha. Sve\u0107enik Duje Kurtovi\u0107, koji je predvodio euharistijsko slavlje, kroz propovijed nas je podsjetio da na\u0161i branitelji nisu i nikad ne smiju biti margina na\u0161eg drustva, ve\u0107 ponos hrvatskog naroda.<br \/>\nGospodin \u017deljko Hajtok okupio je veterane Tigrova koji su na velebitskom rati\u0161tu izgubili svog legendarnog zapovjednika Damira Tomljenovi\u0107a Gavrana. Gospodin Miro Palajsa, koji je i strastveni planinar, okupio je svoje Gromove &#8211; Specijalna policija Karlovac. S nama su hodali 9.GB Vukovi, 2.GB Gromovi i branitelji iz drugih postrojbi, a putem smo sreli i \u010dlanove zadarske HVIDRE.<br \/>\nPo silasku sa Svetog brda, zajedno smo polo\u017eili vijence kod spomenika zbjega Lovin\u010dana uz stihove pjesama &#8220;Iznad polja makova&#8221; i &#8220;Ratnici svjetla&#8221;.<\/p>\n<p>Ovim pohodom poru\u010dili smo:<br \/>\nZa njih se pomoli,<br \/>\nnek&#8217; mi bra\u0107a znaju<\/p>\n<p>Heroji se nikad ne zaboravljaju<\/p>\n","protected":false},"excerpt":{"rendered":"<p>DOGODILO SE: Sveta misa pod Svetim Brdom \u201eVe\u0107e ljubavi nitko nema od ove: da tko \u017eivot svoj polo\u017ei za svoje prijatelje.\u201c (Iv 15, 13) Pod navedenim geslom iz Ivanovog evan\u0111elja okupilo se<a class=\"moretag\" href=\"https:\/\/ekosspiritus.hr\/index.php\/2018\/06\/18\/dogodilo-se-sveta-misa-pod-svetim-brdom\/\">Read More&#8230;<\/a><\/p>\n","protected":false},"author":2,"featured_media":1157,"comment_status":"closed","ping_status":"open","sticky":false,"template":"","format":"standard","meta":{"footnotes":""},"categories":[16],"tags":[],"class_list":["post-1156","post","type-post","status-publish","format-standard","has-post-thumbnail","hentry","category-izleti-clanak"],"_links":{"self":[{"href":"https:\/\/ekosspiritus.hr\/index.php\/wp-json\/wp\/v2\/posts\/1156","targetHints":{"allow":["GET"]}}],"collection":[{"href":"https:\/\/ekosspiritus.hr\/index.php\/wp-json\/wp\/v2\/posts"}],"about":[{"href":"https:\/\/ekosspiritus.hr\/index.php\/wp-json\/wp\/v2\/types\/post"}],"author":[{"embeddable":true,"href":"https:\/\/ekosspiritus.hr\/index.php\/wp-json\/wp\/v2\/users\/2"}],"replies":[{"embeddable":true,"href":"https:\/\/ekosspiritus.hr\/index.php\/wp-json\/wp\/v2\/comments?post=1156"}],"version-history":[{"count":1,"href":"https:\/\/ekosspiritus.hr\/index.php\/wp-json\/wp\/v2\/posts\/1156\/revisions"}],"predecessor-version":[{"id":1158,"href":"https:\/\/ekosspiritus.hr\/index.php\/wp-json\/wp\/v2\/posts\/1156\/revisions\/1158"}],"wp:featuredmedia":[{"embeddable":true,"href":"https:\/\/ekosspiritus.hr\/index.php\/wp-json\/wp\/v2\/media\/1157"}],"wp:attachment":[{"href":"https:\/\/ekosspiritus.hr\/index.php\/wp-json\/wp\/v2\/media?parent=1156"}],"wp:term":[{"taxonomy":"category","embeddable":true,"href":"https:\/\/ekosspiritus.hr\/index.php\/wp-json\/wp\/v2\/categories?post=1156"},{"taxonomy":"post_tag","embeddable":true,"href":"https:\/\/ekosspiritus.hr\/index.php\/wp-json\/wp\/v2\/tags?post=1156"}],"curies":[{"name":"wp","href":"https:\/\/api.w.org\/{rel}","templated":true}]}}