{"id":1204,"date":"2018-10-01T18:04:15","date_gmt":"2018-10-01T18:04:15","guid":{"rendered":"http:\/\/ekosspiritus.hr\/?p=1204"},"modified":"2018-10-01T18:04:15","modified_gmt":"2018-10-01T18:04:15","slug":"najavljujemo-izlozba-sibnata-kosara","status":"publish","type":"post","link":"https:\/\/ekosspiritus.hr\/index.php\/2018\/10\/01\/najavljujemo-izlozba-sibnata-kosara\/","title":{"rendered":"NAJAVLJUJEMO: Izlo\u017eba \u201e \u0160ibnata ko\u0161ara\u201c"},"content":{"rendered":"<p>Izlo\u017eba \u201e \u0160ibnata ko\u0161ara\u201c<\/p>\n<p>\u010clanovi i \u010dlanice Dru\u0161tva svetog Izidora Seljaka udruge Ekosspiritus pozivaju vas na otvorenje izlo\u017ebe \u201e\u0160ibnata ko\u0161ara\u201c u Gradsku knji\u017enicu u Samoboru u \u010detvrtak 4.listopada s po\u010detkom u 19.00 sati.<\/p>\n<p>Ova izlo\u017eba zahvala je svim \u017eenama koje su u ko\u0161arama na glavi nosile proizvode na plac ali i poga\u010du u kumoviju, fru\u0161tik ili obed na polje svojoj dru\u017eini, u ko\u0161arama jelo na blagoslov na Veliku sobotu. One su ispisale na\u0161u ba\u0161tinu koja nas u\u010di skromnosti i ustrajnosti. Izlo\u017eba je prire\u0111ena u listopadu kada zahvaljujemo Stvoritelju na svim plodovima kojima nas daruje iz na\u0161ih oku\u0107nica, polja, vinograda\u2026<\/p>\n<p>Izlo\u017eba \u017eeli potaknuti kori\u0161tenje \u0161ibnatih, na\u0161ih doma\u0107ih ko\u0161ara u svakodnevnoj upotrebi zamjenjuju\u0107i ih s plasti\u010dnim vre\u0107icama i u godini kada Europa slavi godinu kulture progovoriti i nama o potrebi \u010duvanja ba\u0161tine koju su nam namrli na\u0161i stari u\u010de\u0107i se skromnosti i zahvaljivanju.<\/p>\n<p>Dobro do\u0161li!<\/p>\n<p>Dru\u0161tvo sv. Izidora Seljaka udruge Ekosspiritus<\/p>\n","protected":false},"excerpt":{"rendered":"<p>Izlo\u017eba \u201e \u0160ibnata ko\u0161ara\u201c \u010clanovi i \u010dlanice Dru\u0161tva svetog Izidora Seljaka udruge Ekosspiritus pozivaju vas na otvorenje izlo\u017ebe \u201e\u0160ibnata ko\u0161ara\u201c u Gradsku knji\u017enicu u Samoboru u \u010detvrtak 4.listopada s po\u010detkom u 19.00<a class=\"moretag\" href=\"https:\/\/ekosspiritus.hr\/index.php\/2018\/10\/01\/najavljujemo-izlozba-sibnata-kosara\/\">Read More&#8230;<\/a><\/p>\n","protected":false},"author":2,"featured_media":1205,"comment_status":"closed","ping_status":"open","sticky":false,"template":"","format":"standard","meta":{"footnotes":""},"categories":[11],"tags":[],"class_list":["post-1204","post","type-post","status-publish","format-standard","has-post-thumbnail","hentry","category-lsi-najava"],"_links":{"self":[{"href":"https:\/\/ekosspiritus.hr\/index.php\/wp-json\/wp\/v2\/posts\/1204","targetHints":{"allow":["GET"]}}],"collection":[{"href":"https:\/\/ekosspiritus.hr\/index.php\/wp-json\/wp\/v2\/posts"}],"about":[{"href":"https:\/\/ekosspiritus.hr\/index.php\/wp-json\/wp\/v2\/types\/post"}],"author":[{"embeddable":true,"href":"https:\/\/ekosspiritus.hr\/index.php\/wp-json\/wp\/v2\/users\/2"}],"replies":[{"embeddable":true,"href":"https:\/\/ekosspiritus.hr\/index.php\/wp-json\/wp\/v2\/comments?post=1204"}],"version-history":[{"count":1,"href":"https:\/\/ekosspiritus.hr\/index.php\/wp-json\/wp\/v2\/posts\/1204\/revisions"}],"predecessor-version":[{"id":1206,"href":"https:\/\/ekosspiritus.hr\/index.php\/wp-json\/wp\/v2\/posts\/1204\/revisions\/1206"}],"wp:featuredmedia":[{"embeddable":true,"href":"https:\/\/ekosspiritus.hr\/index.php\/wp-json\/wp\/v2\/media\/1205"}],"wp:attachment":[{"href":"https:\/\/ekosspiritus.hr\/index.php\/wp-json\/wp\/v2\/media?parent=1204"}],"wp:term":[{"taxonomy":"category","embeddable":true,"href":"https:\/\/ekosspiritus.hr\/index.php\/wp-json\/wp\/v2\/categories?post=1204"},{"taxonomy":"post_tag","embeddable":true,"href":"https:\/\/ekosspiritus.hr\/index.php\/wp-json\/wp\/v2\/tags?post=1204"}],"curies":[{"name":"wp","href":"https:\/\/api.w.org\/{rel}","templated":true}]}}