{"id":1208,"date":"2018-10-07T18:38:48","date_gmt":"2018-10-07T18:38:48","guid":{"rendered":"http:\/\/ekosspiritus.hr\/?p=1208"},"modified":"2018-10-07T18:38:48","modified_gmt":"2018-10-07T18:38:48","slug":"dogodilo-se-izlozba-drustva-sv-izidora-seljaka-u-gradskoj-knjiznici-u-samoboru","status":"publish","type":"post","link":"https:\/\/ekosspiritus.hr\/index.php\/2018\/10\/07\/dogodilo-se-izlozba-drustva-sv-izidora-seljaka-u-gradskoj-knjiznici-u-samoboru\/","title":{"rendered":"DOGODILO SE: Izlo\u017eba Dru\u0161tva sv. Izidora Seljaka u Gradskoj knji\u017enici u Samoboru"},"content":{"rendered":"<p>Izlo\u017eba Dru\u0161tva sv. Izidora Seljaka u Gradskoj knji\u017enici u Samoboru<\/p>\n<p>Zaljubljenici u samoborsku ba\u0161tinuokupili su se u \u010detvrtak, 4. listopada,u Gradskoj knji\u017enici u Samoboru, kako bi razgledali izlo\u017ebu \u201e\u0160ibnate ko\u0161are\u201c koju je pripremilo Dru\u0161tvo sv. Izidora Seljaka Udruge Ekosspiritus iz Samobora. Izlo\u017eeni su ve\u0107inom predmeti iz etnografske zbirke udruge Ekosspiritus i obitelji Libri\u0107.<br \/>\nRavnateljica Gradske knji\u017enice Mirjana Dimnjakovi\u0107 naglasila je da je izlo\u017eba prire\u0111ena u povodu Europske kulturne ba\u0161tine, a zamjenica gradona\u010delnika, Sanja Horvat Ivekovi\u0107, ukazala je na va\u017enost prire\u0111ivanja izlo\u017ebi koje poti\u010du \u010duvanje ba\u0161tine.<br \/>\n\u010clan Dru\u0161tva sv. Izidora Seljaka Josip Bla\u017eevi\u0107 recitirao je stihove Miroslava Krle\u017ee \u201cNi med cvetjem ni pravice\u201c predstavljaju\u0107i tako ba\u0161tinu samoborske rije\u010di. Potom je Radovan Libri\u0107 govorio o izlo\u017ebi naglasiv\u0161i va\u017enost o\u010duvanja kori\u0161tenja \u0161ibnatih ko\u0161ara. Podsjetio je sve prisutne da ve\u0107 desetlje\u0107ima nema doma\u0107ih ko\u0161ara\u0161a. Sje\u0107aju se oni stariji dobrih ko\u0161ara\u0161a kojih je bilo u gotovo svakom selu samoborskog kraja. \u0160uflaji iz Farka\u0161evca jo\u0161 su u sje\u0107anju kao vrsni ko\u0161ara\u0161i. Poneka se ko\u0161ara jo\u0161 isplete u Svetom Martinu pod Oki\u0107em ili Nor\u0161i\u0107 Selu ili pak u selima \u017dumberka. Na na\u0161em sajmi\u0161tu subotom ima ko\u0161ara svih vrsta, ali ih dovoze majstori iz Hrvatskog zagorja ili Me\u0111imurja. Iako je u ovom globaliziranom svijetu tvorni\u010dka proizvodnja istisnula mnoge uporabne predmete koji su se izra\u0111ivali ru\u010dno od prirodnih materijala i zamijenila ih proizvodima od plastike, ko\u0161are i njihova izrada zadr\u017eala se u sjevernoj Hrvatskoj i danas. Iako ko\u0161are nisu u \u0161irokoj primjeni kao nekad, ipak se u gotovo svakoj samoborskoj ku\u0107i na\u0111e pokoja \u0161ibnata ko\u0161ara. Podsjetnik je na vremena kad su ih na\u0161e mame i bake nosile na glavama i i\u0161le z trgovinom u Zagreb. Na glavama, u ko\u0161arama, nosile su proizvode svojih vrtova, svojih polja, vo\u0107njaka, vinograda, \u0161tale, koca i \u0161uma na plac u Zagreb, a pritom su prevaljivale kilometre pje\u0161ice. One nisu izgovarale re\u010denicu koja se danas \u010desto mo\u017ee \u010duti: \u201eTo se ne isplati!\u201c, ve\u0107 su iznova i iznova bile ustrajne, vrijedne i strpljive i s \u010dre\u0161njami, breskvami, kostajnom, z mle\u010dnim\u2026 punile klupe Ili\u010dkog placa ili pak Dolca. Vra\u0107ale su se ku\u0107ama s nov\u010dekimavu\u017eepu kojeg su \u010desto pretvorile u \u0161peceraj, ili su pri\u0161tedjele za stvari koje su bile potrebne u njihovom doma\u0107instvu. Tu je nastala i ona selja\u010dka mudrost: \u201eKravica \u2013 mamica. Krava mo\u017ee zezidatihi\u017eu, a hi\u017eanemrezezidati \u0161talu.\u201c<br \/>\nNa kraju se Radovan Libri\u0107 prisjetio \u017eena koje su \u010desto nosile \u0161ibnate ko\u0161are: \u201eOva izlo\u017eba zahvala je svim \u017eenama koje su u ko\u0161arama na glavi nosile proizvode na plac, ali i poga\u010du u kumoviju, fru\u0161tik ili obed na polje svojoj dru\u017eini ili jelo na blagoslov na Veliku sobotu. One su ispisale na\u0161u ba\u0161tinu koja nas u\u010di skromnosti i ustrajnosti. Izlo\u017eba je prire\u0111ena u listopadu kada zahvaljujemo Stvoritelju na svim plodovima kojima nas daruje iz na\u0161ih oku\u0107nica, polja, vinograda\u2026 Tako\u0111er, izlo\u017eba \u017eeli potaknuti kori\u0161tenje \u0161ibnatih, na\u0161ih doma\u0107ih ko\u0161ara u svakodnevnoj upotrebi zamjenjuju\u0107i ih plasti\u010dnim vre\u0107icama i u godini kada Europa slavi godinu kulture progovoriti i nama o potrebi \u010duvanja ba\u0161tine koju su nam namrli na\u0161i stari, u\u010de\u0107i se skromnosti i zahvaljivanju.\u201c<br \/>\n\u010clanice Dru\u0161tva svetog Izidora Seljaka okupljene oko svoje predsjednice Branke Toth obukle su svoje narodne no\u0161nje, ispekle kola\u010de i doma\u0107i kruh koji su namazale doma\u0107im namazima te po\u010dastile sve prisutne koji su se dugo zadr\u017eali u razgovoru o ba\u0161tini.<br \/>\nIzlo\u017eba \u0107e ostati otvorena do kraja listopada, a svi \u0107e mo\u0107i razgledati razne tipove \u0161ibnatih ko\u0161ara koje su se koristile u raznim prigodama.<\/p>\n","protected":false},"excerpt":{"rendered":"<p>Izlo\u017eba Dru\u0161tva sv. Izidora Seljaka u Gradskoj knji\u017enici u Samoboru Zaljubljenici u samoborsku ba\u0161tinuokupili su se u \u010detvrtak, 4. listopada,u Gradskoj knji\u017enici u Samoboru, kako bi razgledali izlo\u017ebu \u201e\u0160ibnate ko\u0161are\u201c koju je<a class=\"moretag\" href=\"https:\/\/ekosspiritus.hr\/index.php\/2018\/10\/07\/dogodilo-se-izlozba-drustva-sv-izidora-seljaka-u-gradskoj-knjiznici-u-samoboru\/\">Read More&#8230;<\/a><\/p>\n","protected":false},"author":2,"featured_media":1209,"comment_status":"closed","ping_status":"open","sticky":false,"template":"","format":"standard","meta":{"footnotes":""},"categories":[10],"tags":[],"class_list":["post-1208","post","type-post","status-publish","format-standard","has-post-thumbnail","hentry","category-lsi-clanak"],"_links":{"self":[{"href":"https:\/\/ekosspiritus.hr\/index.php\/wp-json\/wp\/v2\/posts\/1208","targetHints":{"allow":["GET"]}}],"collection":[{"href":"https:\/\/ekosspiritus.hr\/index.php\/wp-json\/wp\/v2\/posts"}],"about":[{"href":"https:\/\/ekosspiritus.hr\/index.php\/wp-json\/wp\/v2\/types\/post"}],"author":[{"embeddable":true,"href":"https:\/\/ekosspiritus.hr\/index.php\/wp-json\/wp\/v2\/users\/2"}],"replies":[{"embeddable":true,"href":"https:\/\/ekosspiritus.hr\/index.php\/wp-json\/wp\/v2\/comments?post=1208"}],"version-history":[{"count":1,"href":"https:\/\/ekosspiritus.hr\/index.php\/wp-json\/wp\/v2\/posts\/1208\/revisions"}],"predecessor-version":[{"id":1210,"href":"https:\/\/ekosspiritus.hr\/index.php\/wp-json\/wp\/v2\/posts\/1208\/revisions\/1210"}],"wp:featuredmedia":[{"embeddable":true,"href":"https:\/\/ekosspiritus.hr\/index.php\/wp-json\/wp\/v2\/media\/1209"}],"wp:attachment":[{"href":"https:\/\/ekosspiritus.hr\/index.php\/wp-json\/wp\/v2\/media?parent=1208"}],"wp:term":[{"taxonomy":"category","embeddable":true,"href":"https:\/\/ekosspiritus.hr\/index.php\/wp-json\/wp\/v2\/categories?post=1208"},{"taxonomy":"post_tag","embeddable":true,"href":"https:\/\/ekosspiritus.hr\/index.php\/wp-json\/wp\/v2\/tags?post=1208"}],"curies":[{"name":"wp","href":"https:\/\/api.w.org\/{rel}","templated":true}]}}