{"id":1246,"date":"2018-12-11T11:01:42","date_gmt":"2018-12-11T11:01:42","guid":{"rendered":"http:\/\/ekosspiritus.hr\/?p=1246"},"modified":"2018-12-11T11:01:42","modified_gmt":"2018-12-11T11:01:42","slug":"najavljujemo-nova-godina-na-cerini","status":"publish","type":"post","link":"https:\/\/ekosspiritus.hr\/index.php\/2018\/12\/11\/najavljujemo-nova-godina-na-cerini\/","title":{"rendered":"NAJAVLJUJEMO: Nova Godina na Cerini"},"content":{"rendered":"<p>Gostoljublja ne zaboravljajte :po njemu neki, i ne znaju\u0107i, ugosti\u0161e an\u0111ele!<\/p>\n<p>(Rim, 13,1)<\/p>\n<p>NOVA GODINA NA CERINI<\/p>\n<p>Ukoliko ste ma\u0161tali o do\u010deku Nove godine izvan gu\u017eve i buke i zadnje sate Silvestrova \u017eelite provesti u planini na planinarenju, a kasnije sjesti uz kamin, s dobrim ljudima, u trenucima ti\u0161ine i molitve zahvaliti Bogu za jo\u0161 jednu godinu, kartati, plesati, pjevati, dobro jesti\u2026 onda je Cerina, Planinarski dom Cerinski vir, idealno mjesto za vas.<br \/>\nOkupiti \u0107e se \u010dlanovi udruge Ekosspiritus i Hrvatskog planinarskog dru\u0161tva svetog Patrika, te prijatelji i poznanici, svi oni koji \u017eele biti u planini u radosnim trenucima kada \u010ditav svijet slavi i zahvaljuje.<br \/>\nO\u010dekujemo \u010dlanove svih \u017eivotnih dobi, svih sekcija na\u0161ih udruga.<br \/>\nOKVIRNI PLAN<br \/>\nNedjelja 30.prosinca, mogu\u0107nost dolaska na Cerinu u popodnevnim satima, dru\u017eenje, ve\u010dera, no\u0107enje.<br \/>\nPonedjeljak 31.prosinca, polazak na planinarski izlet u 9.30. Povratak u planinarski dom Cerinski vir do 16.00.kasni ru\u010dak u 17.00, dru\u017eenje, kasna ve\u010dera u 22.00, molitva u pono\u0107, dru\u017eenje dok izdr\u017eimo\u2026<br \/>\nUtorak, doru\u010dak u 9.00, odlazak ku\u0107ama.<br \/>\nInformacije oko cijene i prijave na mail : ekosspiritus@gmail.com. Nakon prijave obavijestiti \u0107emo Vas kako \u0107ete uplatiti kotizaciju. Za zajedni\u010dki stol mo\u017eete prilo\u017eiti kola\u010d.<\/p>\n","protected":false},"excerpt":{"rendered":"<p>Gostoljublja ne zaboravljajte :po njemu neki, i ne znaju\u0107i, ugosti\u0161e an\u0111ele! (Rim, 13,1) NOVA GODINA NA CERINI Ukoliko ste ma\u0161tali o do\u010deku Nove godine izvan gu\u017eve i buke i zadnje sate Silvestrova<a class=\"moretag\" href=\"https:\/\/ekosspiritus.hr\/index.php\/2018\/12\/11\/najavljujemo-nova-godina-na-cerini\/\">Read More&#8230;<\/a><\/p>\n","protected":false},"author":2,"featured_media":1080,"comment_status":"closed","ping_status":"open","sticky":false,"template":"","format":"standard","meta":{"footnotes":""},"categories":[22],"tags":[],"class_list":["post-1246","post","type-post","status-publish","format-standard","has-post-thumbnail","hentry","category-cerina-najava"],"_links":{"self":[{"href":"https:\/\/ekosspiritus.hr\/index.php\/wp-json\/wp\/v2\/posts\/1246","targetHints":{"allow":["GET"]}}],"collection":[{"href":"https:\/\/ekosspiritus.hr\/index.php\/wp-json\/wp\/v2\/posts"}],"about":[{"href":"https:\/\/ekosspiritus.hr\/index.php\/wp-json\/wp\/v2\/types\/post"}],"author":[{"embeddable":true,"href":"https:\/\/ekosspiritus.hr\/index.php\/wp-json\/wp\/v2\/users\/2"}],"replies":[{"embeddable":true,"href":"https:\/\/ekosspiritus.hr\/index.php\/wp-json\/wp\/v2\/comments?post=1246"}],"version-history":[{"count":1,"href":"https:\/\/ekosspiritus.hr\/index.php\/wp-json\/wp\/v2\/posts\/1246\/revisions"}],"predecessor-version":[{"id":1247,"href":"https:\/\/ekosspiritus.hr\/index.php\/wp-json\/wp\/v2\/posts\/1246\/revisions\/1247"}],"wp:featuredmedia":[{"embeddable":true,"href":"https:\/\/ekosspiritus.hr\/index.php\/wp-json\/wp\/v2\/media\/1080"}],"wp:attachment":[{"href":"https:\/\/ekosspiritus.hr\/index.php\/wp-json\/wp\/v2\/media?parent=1246"}],"wp:term":[{"taxonomy":"category","embeddable":true,"href":"https:\/\/ekosspiritus.hr\/index.php\/wp-json\/wp\/v2\/categories?post=1246"},{"taxonomy":"post_tag","embeddable":true,"href":"https:\/\/ekosspiritus.hr\/index.php\/wp-json\/wp\/v2\/tags?post=1246"}],"curies":[{"name":"wp","href":"https:\/\/api.w.org\/{rel}","templated":true}]}}