{"id":1275,"date":"2019-02-05T09:02:09","date_gmt":"2019-02-05T09:02:09","guid":{"rendered":"http:\/\/ekosspiritus.hr\/?p=1275"},"modified":"2019-02-05T09:02:09","modified_gmt":"2019-02-05T09:02:09","slug":"najavljujemo-planinarski-izlet-na-klek","status":"publish","type":"post","link":"https:\/\/ekosspiritus.hr\/index.php\/2019\/02\/05\/najavljujemo-planinarski-izlet-na-klek\/","title":{"rendered":"NAJAVLJUJEMO: Planinarski izlet na Klek"},"content":{"rendered":"<p>SVETKOVINA SVETOG PATRIKA, 17. O\u017dUJKA 2019.<br \/>\nPrema godi\u0161njem planu Hrvatskog planinarskog dru\u0161tva sv. Patrika \u010dlanovi i prijatelji Dru\u0161tva proslaviti \u0107e svetkovinu sv. Patrika, u nedjelju 17.o\u017eujka izletom na Klek (1182 m).<\/p>\n<p>Klek je kolijevka hrvatskog planinarstva i alpinizma. Najposje\u0107enija staza za uspon na Klek po\u010dinje u Bjelskom. Odatle \u0107emo i mi kretati prema vrhu.<br \/>\nPlaninarski dom Klek smje\u0161ten je na zaravni, u podno\u017eju vr\u0161ne stijene, na njenoj ju\u017enoj strani, na nadmorskoj visini 1000 m. Sagra\u0111en je u periodu od 1954. do 1958. godine. Njime upravlja PD Klek iz Ogulina.<br \/>\nSam vrh Kleka gotovo je ravan, to je kamena glavica u promjeru desetak metara. Na njemu je smje\u0161ten telekomunikacijski toranj, a na suprotnoj strani postavljen je \u017eeljezni stup usidren sajlama, obojan u crveno- bijelo koji ozna\u010dava sam vrh. Pored stupa ugra\u0111eni u kamen nalaze se \u017eigovi HPS-a i GPP-a.<br \/>\nS vrha Kleka je lijep pogled na Bjelolasicu, Risnjak, Svetu Geru, Medvednicu kao i na cijeli ogulinski kraj.<\/p>\n<p>MJESTO I VRIJEME OKUPLJANJA:\u00a0<strong>Samobor<\/strong>, Gajeva ulica (kod poste) u 7:00\u00a0 sati;\u00a0<strong>Zagreb<\/strong>, parking kod Nacionalne knjiznice 7:30 sati<\/p>\n<p>PLAN IZLETA:\u00a0Voznja autobusom do Bjelskog, planinarska tura: Bjelsko-Klek- Bjelsko. Druzenje u planinarskom domu. Odlazak na vrh- vidikovac.<\/p>\n<p>MJESTO I VRIJEME POVRATKA:\u00a0Zagreb do 20:30 sati<\/p>\n<p>UKUPNO SATI HODA:\u00a0Cca. 1 sat hoda u jednom smjeru<\/p>\n<p>TE\u017dINA IZLETA:\u00a0K1T1 lagano<\/p>\n<p>OPREMA:\u00a0Oprema za poludnevno planinarenje (mali ruksak,<br \/>\ngojzerice, osobni dokumenti i va\u017ee\u0107a pl. iskaznica,\u00a0hrana za poludnevni izlet, voda,<br \/>\nrezervna odje\u0107a, za\u0161tita od ki\u0161e\/sunca, mobitel\/fotoaparat<\/p>\n<p>VODI\u010cI:\u00a0Radovan Libri\u0107, Karmela Brki\u0107<\/p>\n<p>INFORMACIJE I PRIJAVE:\u00a0Tel: 091 5324 282<\/p>\n<p>OSTALO:<\/p>\n<p>Svetu misu slaviti \u0107emo u Nacionalnom sveti\u0161tu sv. Josipa u Karlovcu.<br \/>\nSve vas poti\u010demo, obucite zelenu odje\u0107u. Toga dana ako bude sve po planu promovirati \u0107emo zelenu pivu sv. Patrika.<\/p>\n<p>Kad se popune mjesta u autobusu biti \u0107ete obavje\u0161teni kako i gdje mo\u017eete uplatiti cijenu karte.<br \/>\nPlaninarski dom nema mogu\u0107nost kupnje hrane, jede se ono sto se ima u ruksaku.<\/p>\n","protected":false},"excerpt":{"rendered":"<p>SVETKOVINA SVETOG PATRIKA, 17. O\u017dUJKA 2019. Prema godi\u0161njem planu Hrvatskog planinarskog dru\u0161tva sv. Patrika \u010dlanovi i prijatelji Dru\u0161tva proslaviti \u0107e svetkovinu sv. Patrika, u nedjelju 17.o\u017eujka izletom na Klek (1182 m). Klek<a class=\"moretag\" href=\"https:\/\/ekosspiritus.hr\/index.php\/2019\/02\/05\/najavljujemo-planinarski-izlet-na-klek\/\">Read More&#8230;<\/a><\/p>\n","protected":false},"author":2,"featured_media":1276,"comment_status":"closed","ping_status":"open","sticky":false,"template":"","format":"standard","meta":{"footnotes":""},"categories":[17],"tags":[],"class_list":["post-1275","post","type-post","status-publish","format-standard","has-post-thumbnail","hentry","category-izleti-najava"],"_links":{"self":[{"href":"https:\/\/ekosspiritus.hr\/index.php\/wp-json\/wp\/v2\/posts\/1275","targetHints":{"allow":["GET"]}}],"collection":[{"href":"https:\/\/ekosspiritus.hr\/index.php\/wp-json\/wp\/v2\/posts"}],"about":[{"href":"https:\/\/ekosspiritus.hr\/index.php\/wp-json\/wp\/v2\/types\/post"}],"author":[{"embeddable":true,"href":"https:\/\/ekosspiritus.hr\/index.php\/wp-json\/wp\/v2\/users\/2"}],"replies":[{"embeddable":true,"href":"https:\/\/ekosspiritus.hr\/index.php\/wp-json\/wp\/v2\/comments?post=1275"}],"version-history":[{"count":1,"href":"https:\/\/ekosspiritus.hr\/index.php\/wp-json\/wp\/v2\/posts\/1275\/revisions"}],"predecessor-version":[{"id":1277,"href":"https:\/\/ekosspiritus.hr\/index.php\/wp-json\/wp\/v2\/posts\/1275\/revisions\/1277"}],"wp:featuredmedia":[{"embeddable":true,"href":"https:\/\/ekosspiritus.hr\/index.php\/wp-json\/wp\/v2\/media\/1276"}],"wp:attachment":[{"href":"https:\/\/ekosspiritus.hr\/index.php\/wp-json\/wp\/v2\/media?parent=1275"}],"wp:term":[{"taxonomy":"category","embeddable":true,"href":"https:\/\/ekosspiritus.hr\/index.php\/wp-json\/wp\/v2\/categories?post=1275"},{"taxonomy":"post_tag","embeddable":true,"href":"https:\/\/ekosspiritus.hr\/index.php\/wp-json\/wp\/v2\/tags?post=1275"}],"curies":[{"name":"wp","href":"https:\/\/api.w.org\/{rel}","templated":true}]}}