{"id":1278,"date":"2019-02-05T09:16:56","date_gmt":"2019-02-05T09:16:56","guid":{"rendered":"http:\/\/ekosspiritus.hr\/?p=1278"},"modified":"2019-02-20T11:42:28","modified_gmt":"2019-02-20T11:42:28","slug":"kompletni-godisnji-plan-za-2019-godinu","status":"publish","type":"post","link":"https:\/\/ekosspiritus.hr\/index.php\/2019\/02\/05\/kompletni-godisnji-plan-za-2019-godinu\/","title":{"rendered":"KOMPLETNI GODI\u0160NJI PLAN ZA 2019. GODINU"},"content":{"rendered":"<p>KOMPLETNI GODI\u0160NJI PLAN ZA 2019. GODINU<\/p>\n<p>Sije\u010danj<br \/>\n7. (ponedjeljak ) Radionica Dru\u0161tva sv. Izidora Seljaka<br \/>\n7. (ponedjeljak ) Sastanak planinarskog tima<br \/>\n9. (srijeda) Sastanak eko \u2013 etno tima<br \/>\n17. (\u010detvrtak) Zeleni \u010detvrtak, mogu\u0107nost obnavljanja \u010dlanstva u HPD-u<br \/>\n18. (petak) Sastanak duhovnog tima<\/p>\n<p>Velja\u010da<br \/>\n2. (subota) Godi\u0161nja predstavni\u010dka skup\u0161tina udruge Ekosspiritus, Skup\u0161tina HPD-a<br \/>\n4. (ponedjeljak) Radionica Dru\u0161tva sv. Izidora Seljaka<br \/>\n16. (subota) Izlet sekcije O\u0160 Pavleka Mi\u0161kine na Cerinu s no\u0107enjem<br \/>\n17. (nedjelja) Jednodnevni planinarski izlet u Samoborsko gorje, O\u0161trc<br \/>\n23. i 24. (subota i nedjelja) Camino dan u Splitu, Bratov\u0161tina sv. Jakova<\/p>\n<p>O\u017eujak<br \/>\n4. (ponedjeljak) Radionica Dru\u0161tva sv. Izidora Seljaka<br \/>\n17. (nedjelja) Svetkovina svetog Patrika, Jednodnevni autobusni planinarski izlet, Klek<\/p>\n<p>Travanj<br \/>\n6. i 7. (subota i nedjelja) 63. Planinarski kri\u017eni put, Istra<br \/>\n8. (ponedjeljak) Radionica Dru\u0161tva sv. Izidora Seljaka<br \/>\n13. (subota) Obiteljski Planinarski kri\u017eni put, Samoborsko gorje<br \/>\n13. i 14. (subota i nedjelja) Proljetni sajam Samobor, Dru\u0161tvo sv. Izidora Seljaka<br \/>\n17. (srijeda) popodnevno dru\u017eenje \u010dlanova HPD-a u korizmenom ozra\u010dju<br \/>\n18.i 19. (\u010detvrtak i petak) No\u0107ni kri\u017eni put \u017eupe Samobor<br \/>\n27. (subota) Misa na Cerini u \u010dast sv. Jurja i sv. Izidora Seljaka<\/p>\n<p>Svibanj<br \/>\n6. (ponedjeljak ) Radionica Dru\u0161tva sv. Izidora Seljaka<br \/>\n17. (petak) No\u0107ni uspon na Sljeme<br \/>\n12. (nedjelja) Hrvatska kakvu ne poznajete, Bednja, Hrvatsko Zagorje, Jednodnevni izlet Dru\u0161tva sv. Izidora Seljaka<br \/>\n25. (subota) Jednodnevni izlet u Sloveniju, Logarska dolina<\/p>\n<p>Lipanj<br \/>\n1. i 2. (subota i nedjelja) Visokogorski izlet,Iznad 1831 m, Slovenija, Grintovec (2558m)<br \/>\n3. (ponedjeljak ) Radionica Dru\u0161tva sv. Izidora Seljaka<br \/>\n8. (subota) Jednodnevni planinarski izlet u Sloveniju, Bohinj, Vogel, \u017ei\u010darom<br \/>\n15. (subota) Velebit, Jednodnevni izlet na Sveto brdo, sveta misa na Svetom brdu<br \/>\n15. (subota) Prejt vu selo na pro\u0161\u010dejne, sv. Vid, Brdovec<br \/>\n17. (ponedjeljak) Dru\u017eenje \u010dlanova HPD-a u pivnici<br \/>\n27 &#8211; 30. (\u010detvrtak \u2013 nedjelja) Ljetni kamp Obiteljske zajednice Ekosspiritus na Cerini<br \/>\n20-25. (\u010detvrtak \u2013 utorak) Stepin\u010dev put Kra\u0161i\u0107 \u2013 Zagreb \u2013 Marija Bistrica \u2013 Lepoglava<br \/>\n29.(subota) Jednodnevni izlet na Velebit, Zavi\u017ean<\/p>\n<p>Srpanj<\/p>\n<p>8. (ponedjeljak ) Radionica Dru\u0161tva sv. Izidora Seljaka<br \/>\n17. (srijeda) Dru\u017eenje \u010dlanova HPD-a, ro\u0161tilj<br \/>\n25. srpanj \u2013 16. kolovoz Camino<\/p>\n<p>Kolovoz<br \/>\n7. \u2013 10. (srijeda \u2013 subota) Planinarski kamp s no\u0107enjem na Zavi\u017eanu<br \/>\n15 &#8211; 18. (\u010detvrtak \u2013 nedjelja) Produ\u017eeni vikend na moru, dru\u017eenje \u010dlanova, no\u0107enje u kampu, \u0161koli ili sli\u010dnom jednostavnom smje\u0161taju<\/p>\n<p>Rujan<\/p>\n<p>2. (ponedjeljak) Radionica Dru\u0161tva sv. Izidora Seljaka<br \/>\n7. (subota) Vihora\u0161ki put, Bijele stijene<br \/>\n14. (subota) snimanje za web stranicu, Dru\u0161tvo sv. Izidora Seljaka<br \/>\n17. (utorak) Dru\u017eenje \u010dlanova u pivnici<br \/>\n21. i 22. (subota i nedjelja) Lijepa li si\u2026 Dvodnevni izlet u Po\u017eegu, Jankovac. Izlet je prilago\u0111en i za Obiteljsku zajednicu a pridru\u017eiti \u0107e se i Dru\u0161tvo sv. Izidora Seljaka.<\/p>\n<p>Listopad<br \/>\n7. (ponedjeljak) Radionica Dru\u0161tva sv. Izidora Seljaka<br \/>\n12.i 13. (subota i nedjelja ) 64. Planinarski kri\u017eni put, Hrvatsko zagorje<br \/>\n17. (\u010detvrtak) duhovni susret \u010dlanova HPD-a, krunica na Kamenitim vratima<br \/>\n26. i 27. ( subota i nedjelja ) Camino dan, Opatija<\/p>\n<p>Studeni<br \/>\n3. (ponedjeljak) Radionica Dru\u0161tva sv. Izidora Seljaka<br \/>\n17. (nedjelja) Cerina, klanjanje, zajedni\u010dka ura pred Presvetim, zahvala za planinarsku godinu \u010dlanova HPD-a i svih drugih sekcija<\/p>\n<p>Prosinac<br \/>\n1. (nedjelja) Otvaranje izlo\u017ebe \u201e Kipeci\u201c, Svete sli\u010dice, Cerina i otvorenje programa Advenat na Cerini<br \/>\n2. (ponedjeljak) Radionica Dru\u0161tva sv. Izidora Seljaka<br \/>\n7. i 8. (subota i nedjelja) Duhovni vikend obiteljske zajednice na Cerini<br \/>\n13. (petak) Otvaranje izlo\u017ebe jaslice<br \/>\n14. (subota) Advent na Austrijskim jezerima<br \/>\n17. (utorak) Advent u Zagrebu, popodnevno dru\u017eenje \u010dlanova HPD-a<br \/>\n21. (subota) Ki\u0107enje Cerine<br \/>\n31. i 1.1 (utorak \u2013 srijeda ) Izlet u Samoborsko gorje, Do\u010dek Nove godine na Cerini<\/p>\n","protected":false},"excerpt":{"rendered":"<p>KOMPLETNI GODI\u0160NJI PLAN ZA 2019. GODINU Sije\u010danj 7. (ponedjeljak ) Radionica Dru\u0161tva sv. Izidora Seljaka 7. (ponedjeljak ) Sastanak planinarskog tima 9. (srijeda) Sastanak eko \u2013 etno tima 17. (\u010detvrtak) Zeleni \u010detvrtak,<a class=\"moretag\" href=\"https:\/\/ekosspiritus.hr\/index.php\/2019\/02\/05\/kompletni-godisnji-plan-za-2019-godinu\/\">Read More&#8230;<\/a><\/p>\n","protected":false},"author":2,"featured_media":791,"comment_status":"closed","ping_status":"open","sticky":false,"template":"","format":"standard","meta":{"footnotes":""},"categories":[1],"tags":[],"class_list":["post-1278","post","type-post","status-publish","format-standard","has-post-thumbnail","hentry","category-ekosspiritus"],"_links":{"self":[{"href":"https:\/\/ekosspiritus.hr\/index.php\/wp-json\/wp\/v2\/posts\/1278","targetHints":{"allow":["GET"]}}],"collection":[{"href":"https:\/\/ekosspiritus.hr\/index.php\/wp-json\/wp\/v2\/posts"}],"about":[{"href":"https:\/\/ekosspiritus.hr\/index.php\/wp-json\/wp\/v2\/types\/post"}],"author":[{"embeddable":true,"href":"https:\/\/ekosspiritus.hr\/index.php\/wp-json\/wp\/v2\/users\/2"}],"replies":[{"embeddable":true,"href":"https:\/\/ekosspiritus.hr\/index.php\/wp-json\/wp\/v2\/comments?post=1278"}],"version-history":[{"count":1,"href":"https:\/\/ekosspiritus.hr\/index.php\/wp-json\/wp\/v2\/posts\/1278\/revisions"}],"predecessor-version":[{"id":1279,"href":"https:\/\/ekosspiritus.hr\/index.php\/wp-json\/wp\/v2\/posts\/1278\/revisions\/1279"}],"wp:featuredmedia":[{"embeddable":true,"href":"https:\/\/ekosspiritus.hr\/index.php\/wp-json\/wp\/v2\/media\/791"}],"wp:attachment":[{"href":"https:\/\/ekosspiritus.hr\/index.php\/wp-json\/wp\/v2\/media?parent=1278"}],"wp:term":[{"taxonomy":"category","embeddable":true,"href":"https:\/\/ekosspiritus.hr\/index.php\/wp-json\/wp\/v2\/categories?post=1278"},{"taxonomy":"post_tag","embeddable":true,"href":"https:\/\/ekosspiritus.hr\/index.php\/wp-json\/wp\/v2\/tags?post=1278"}],"curies":[{"name":"wp","href":"https:\/\/api.w.org\/{rel}","templated":true}]}}