{"id":1315,"date":"2019-04-09T13:16:24","date_gmt":"2019-04-09T13:16:24","guid":{"rendered":"http:\/\/ekosspiritus.hr\/?p=1315"},"modified":"2019-04-09T13:16:26","modified_gmt":"2019-04-09T13:16:26","slug":"dogodilo-se-63-planinarski-krizni-put","status":"publish","type":"post","link":"https:\/\/ekosspiritus.hr\/index.php\/2019\/04\/09\/dogodilo-se-63-planinarski-krizni-put\/","title":{"rendered":"DOGODILO SE: 63. Planinarski kri\u017eni put"},"content":{"rendered":"\n<p>Planinarski kri\u017eni put odr\u017ean u srcu Istre<br>\nSredi\u0161njim dijelom Istarskog poluotoka, od Svetvin\u010denta preko Pazina do Motovuna, odr\u017eao se u subotu i nedjelju, 6. i 7. Travnja 2019. 63. Planinarski kri\u017eni put u organizaciji udruge Ekosspiritus iz Samobora. \u201eNije mogu\u0107e sakriti grad koji le\u017ei na gori\u201c bilo je geslo ovog korizmenog hodo\u010da\u0161\u0107a na koje se odazvalo preko 500 sudionika iz Zagreba\u010dke i Bjelovarske (nad)biskupije s nekoliko sve\u0107enika, a kojima se je pridru\u017eio i ve\u0107i broj sudionika Rije\u010dke nadbiskupije, te mladi Pore\u010dke i Pulske biskupije. <br>\nPrva postaja bila je u Svetvin\u010dentu u \u017eupnoj crkvi, rodnoj \u017eupi bl. Miroslava Bule\u0161i\u0107a. Ondje su svoj hod sudionici zapo\u010deli molitvom \u010dasoslova i meditacijom prve postaje. \u017divotopis bla\u017eenika Miroslava predstavio je doma\u0107i \u017eupnik vl\u010d. Darko Zgrabli\u0107 koji je kroz poticajne misli predstavio \u017eivot bla\u017eenika. Prvoga dana hodo\u010dasnici su pro\u0161li preko dvadeset kilometara, a nakon \u017eupe Svetvin\u010denat u\u0161li su \u017eupu \u017dminj gdje ih je do\u010dekao mjesni \u017eupnik vl\u010d. Jordan Rovis  i njegovi \u017eupljani predstaviv\u0161i povijest \u017eupe. \u017dminjska \u017eupa prepoznatljiva je po kri\u017eevima i manjim kapelicama jer se na njenom teritoriju nalazi preko 110 podignutih svjedoka \u017eive vjere. U drugom dijelu dana hodalo se \u017eupom Lindar da bi se u kasnim popodnevnim satima u\u0161lo u \u017eupu Pazin gdje su sudionici smjestili se na no\u0107enje u dvoranu Pazinskog kolegija.<br>\nVe\u010dernji program zapo\u010deo je pozdravom \u017eupnika Pazina vl\u010d. Mladena Matike  i predstavljanjem kulturno \u2013 povijesne ba\u0161tine \u017eupne crkve sv. Nikole. Nagovor, katehezu prije mise odr\u017eao je fra Josip Vla\u0161i\u0107 iz franjeva\u010dke zajednice u Pazinu, a euharistiju je predvodio vl\u010d. Darko Zgrabli\u0107. Obojica su izrekli puno lijepih misli, poticaja za vjerni\u010dki rast svih sudionika.<br>\nDrugi dan zapo\u010deo je osmom postajom u franjeva\u010dkoj crkvi u Pazinu, a hod se nastavio preko \u017eupe Beram i razgledom poznate freske \u201e Ples mrtvaca\u201c u grobljanskoj kapeli. U popodnevnim satima sudionici su molili postaje kri\u017enog puta u \u017eupama Ka\u0161\u0107erga i Zamask gdje ih je do\u010dekao \u017eupnik vl\u010d. Ante \u017dufi\u0107 s svojim \u017eupljanima koji su sve hodo\u010dasnike po\u010dastili doma\u0107im kola\u010dima i okrijepili raznim napicima. Na kraju dana u\u0161li u \u017eupu Motovun gdje ih je do\u010dekao doma\u0107i \u017eupnik vl\u010d. Izidor Sekicki. Misu je predvodio generalni vikar Pore\u010dko \u2013 Pulske biskupije mons. Vilim Grbac uz koncelebraciju vi\u0161e sve\u0107enika i \u0111akona. U koncelebraciji je bio i vl\u010d. Dalibor Pileki\u0107 povjerenik za mlade Pore\u010dko \u2013 Pulske biskupije.<br>\nHodo\u010dasnici koji su bili okupljeni u 63. Planinarski kri\u017eni put bili su najve\u0107a skupina ikada pristigla u sveti\u0161te bl. Miroslava Bule\u0161i\u0107a, punili su \u017eupne crkve koje, po rije\u010dima mjesnih \u017eupnika, nikad nisu bile punije u zadnjih pedesetak godina. Zajedni\u0161tvo mjesne i hodaju\u0107e Crkve bilo je vidljivo tijekom \u010ditavog vikenda.<br>\nSubotnja kateheza i homilija bile su preno\u0161ene u\u017eivo na facebook stranicama udruge Ekosspiritus i tako bile dostupne diljem Hrvatske, pa ih je u nekoliko sati pogledalo dvadesetak tisu\u0107a ljudi koji prate sadr\u017eaje udruge.<br>\nSusret su modelirali bra\u010dni par Patricia i Tomislav Luk\u0161i\u0107 iz \u017eupe Donja Lomnice. Tekst meditacije na temu gesla napisao je Tomislav \u0160egina vjerou\u010ditelj iz Karlovca, dugogodi\u0161nji sudionik Planinarskih kri\u017enih puteva, a ujedno i onaj koji je osmislio dionicu ovogodi\u0161njeg pohoda. \u201eBaf\u201c marama pokazala se kao popularno i prakti\u010dno zajedni\u010dko obilje\u017eje.<br>\nOrganizacijski tim Planinarskog kri\u017enog puta predvo\u0111en vjerou\u010diteljem Radovanom Libri\u0107em ponovno su osmislili jedan jako bogat duhovni program koji je sve sudionike pripremio za svetkovinu Uskrsa.<\/p>\n","protected":false},"excerpt":{"rendered":"<p>Planinarski kri\u017eni put odr\u017ean u srcu Istre Sredi\u0161njim dijelom Istarskog poluotoka, od Svetvin\u010denta preko Pazina do Motovuna, odr\u017eao se u subotu i nedjelju, 6. i 7. Travnja 2019. 63. Planinarski kri\u017eni put<a class=\"moretag\" href=\"https:\/\/ekosspiritus.hr\/index.php\/2019\/04\/09\/dogodilo-se-63-planinarski-krizni-put\/\">Read More&#8230;<\/a><\/p>\n","protected":false},"author":2,"featured_media":0,"comment_status":"closed","ping_status":"open","sticky":false,"template":"","format":"standard","meta":{"footnotes":""},"categories":[1],"tags":[],"class_list":["post-1315","post","type-post","status-publish","format-standard","hentry","category-ekosspiritus"],"_links":{"self":[{"href":"https:\/\/ekosspiritus.hr\/index.php\/wp-json\/wp\/v2\/posts\/1315","targetHints":{"allow":["GET"]}}],"collection":[{"href":"https:\/\/ekosspiritus.hr\/index.php\/wp-json\/wp\/v2\/posts"}],"about":[{"href":"https:\/\/ekosspiritus.hr\/index.php\/wp-json\/wp\/v2\/types\/post"}],"author":[{"embeddable":true,"href":"https:\/\/ekosspiritus.hr\/index.php\/wp-json\/wp\/v2\/users\/2"}],"replies":[{"embeddable":true,"href":"https:\/\/ekosspiritus.hr\/index.php\/wp-json\/wp\/v2\/comments?post=1315"}],"version-history":[{"count":1,"href":"https:\/\/ekosspiritus.hr\/index.php\/wp-json\/wp\/v2\/posts\/1315\/revisions"}],"predecessor-version":[{"id":1316,"href":"https:\/\/ekosspiritus.hr\/index.php\/wp-json\/wp\/v2\/posts\/1315\/revisions\/1316"}],"wp:attachment":[{"href":"https:\/\/ekosspiritus.hr\/index.php\/wp-json\/wp\/v2\/media?parent=1315"}],"wp:term":[{"taxonomy":"category","embeddable":true,"href":"https:\/\/ekosspiritus.hr\/index.php\/wp-json\/wp\/v2\/categories?post=1315"},{"taxonomy":"post_tag","embeddable":true,"href":"https:\/\/ekosspiritus.hr\/index.php\/wp-json\/wp\/v2\/tags?post=1315"}],"curies":[{"name":"wp","href":"https:\/\/api.w.org\/{rel}","templated":true}]}}