{"id":1345,"date":"2019-05-29T10:22:57","date_gmt":"2019-05-29T10:22:57","guid":{"rendered":"http:\/\/ekosspiritus.hr\/?p=1345"},"modified":"2019-05-29T10:22:58","modified_gmt":"2019-05-29T10:22:58","slug":"najavljujemo-obiteljski-planinarski-krizni-put-3","status":"publish","type":"post","link":"https:\/\/ekosspiritus.hr\/index.php\/2019\/05\/29\/najavljujemo-obiteljski-planinarski-krizni-put-3\/","title":{"rendered":"NAJAVLJUJEMO: Obiteljski Planinarski kri\u017eni put"},"content":{"rendered":"\n<p>I nakon dva odustajanja zbog lo\u0161eg vremena smije\u0161i nam se stabilno i lijepo vrijeme u idu\u0107u subotu 01.06.2019.<\/p>\n\n\n\n<p>\u00bbZaista, zaista, ka\u017eem vam: \u0161to god zai\u0161tete u Oca, dat \u0107e vam u moje ime&#8221;  lv 16, 23b-28<\/p>\n\n\n\n<p>Okupljanje \u0107e biti na Planinarskom domu Cerinski vir do 10.00 sati. Tko \u017eeli mo\u017ee do\u0107i no\u0107iti na domu u petak 31. svibnja. No\u0107enje je za \u010dlanove besplatno.<\/p>\n\n\n\n<p>U subotu 01. lipnja, od 9.00 sati biti \u0107e kave i \u010daja. Ostalo za doru\u010dak obitelji moraju donijeti same<\/p>\n\n\n\n<p> Polazak na hod Obiteljskog PKP-a biti \u0107e oko 11 sati. <\/p>\n\n\n\n<p>Ovaj puta se ne\u0107e dugo i puno hodati, ali \u0107emo organizirati obiteljske igre na domu nakon svete mise.<\/p>\n\n\n\n<p>Po dolasku na Cerinu biti \u0107e organiziran ru\u010dak za sve sudionike. Hrana \u0107e biti prilago\u0111ena za djecu i doma\u0107a hrana za odrasle.Pozivamo obitelji neka donesu kola\u010de za zajedni\u010dki obiteljski stol.<\/p>\n\n\n\n<p>Misa \u0107e biti oko 15 sati. <\/p>\n\n\n\n<p>Prijave \u0107e biti do \u010detvrtka 30. svibnja na mail : mario.blazanovic@gmail.com. Nakon prijave primiti \u0107ete uputstvo kako \u0107ete izvr\u0161iti uplatu na \u017eiro ra\u010dun udruge Ekosspiritus.<\/p>\n\n\n\n<p>*Ovaj susret predvi\u0111en je za sve obitelji koje dolaze na susrete udruge Ekosspiriuts i sve pojedince koji \u017eele hodati u putem Uskrsloga Gospodina Isusa u prirodi. Susret je predvi\u0111en za sve \u017eivotne dobi \u010dlanova i prijatelja udruge Ekosspiritus.  Hod je otprilike 2 sati i nije previ\u0111en za kolica u kojima se voze djeca. Djeca se ovaj puta moraju nositi u nosiljkama ili pri\u010dekati na Cerini dok se procesija ne vrati natrag na planinarski dom.<\/p>\n\n\n\n<p>Pozovite svoje prijatelje na ovaj susret.<\/p>\n","protected":false},"excerpt":{"rendered":"<p>I nakon dva odustajanja zbog lo\u0161eg vremena smije\u0161i nam se stabilno i lijepo vrijeme u idu\u0107u subotu 01.06.2019. \u00bbZaista, zaista, ka\u017eem vam: \u0161to god zai\u0161tete u Oca, dat \u0107e vam u moje<a class=\"moretag\" href=\"https:\/\/ekosspiritus.hr\/index.php\/2019\/05\/29\/najavljujemo-obiteljski-planinarski-krizni-put-3\/\">Read More&#8230;<\/a><\/p>\n","protected":false},"author":2,"featured_media":0,"comment_status":"closed","ping_status":"open","sticky":false,"template":"","format":"standard","meta":{"footnotes":""},"categories":[1],"tags":[],"class_list":["post-1345","post","type-post","status-publish","format-standard","hentry","category-ekosspiritus"],"_links":{"self":[{"href":"https:\/\/ekosspiritus.hr\/index.php\/wp-json\/wp\/v2\/posts\/1345","targetHints":{"allow":["GET"]}}],"collection":[{"href":"https:\/\/ekosspiritus.hr\/index.php\/wp-json\/wp\/v2\/posts"}],"about":[{"href":"https:\/\/ekosspiritus.hr\/index.php\/wp-json\/wp\/v2\/types\/post"}],"author":[{"embeddable":true,"href":"https:\/\/ekosspiritus.hr\/index.php\/wp-json\/wp\/v2\/users\/2"}],"replies":[{"embeddable":true,"href":"https:\/\/ekosspiritus.hr\/index.php\/wp-json\/wp\/v2\/comments?post=1345"}],"version-history":[{"count":1,"href":"https:\/\/ekosspiritus.hr\/index.php\/wp-json\/wp\/v2\/posts\/1345\/revisions"}],"predecessor-version":[{"id":1346,"href":"https:\/\/ekosspiritus.hr\/index.php\/wp-json\/wp\/v2\/posts\/1345\/revisions\/1346"}],"wp:attachment":[{"href":"https:\/\/ekosspiritus.hr\/index.php\/wp-json\/wp\/v2\/media?parent=1345"}],"wp:term":[{"taxonomy":"category","embeddable":true,"href":"https:\/\/ekosspiritus.hr\/index.php\/wp-json\/wp\/v2\/categories?post=1345"},{"taxonomy":"post_tag","embeddable":true,"href":"https:\/\/ekosspiritus.hr\/index.php\/wp-json\/wp\/v2\/tags?post=1345"}],"curies":[{"name":"wp","href":"https:\/\/api.w.org\/{rel}","templated":true}]}}