{"id":1357,"date":"2019-06-19T10:49:47","date_gmt":"2019-06-19T10:49:47","guid":{"rendered":"http:\/\/ekosspiritus.hr\/?p=1357"},"modified":"2019-06-19T10:49:48","modified_gmt":"2019-06-19T10:49:48","slug":"dogodilo-se-misa-podno-svetog-brda","status":"publish","type":"post","link":"https:\/\/ekosspiritus.hr\/index.php\/2019\/06\/19\/dogodilo-se-misa-podno-svetog-brda\/","title":{"rendered":"DOGODILO SE: Misa podno Svetog Brda"},"content":{"rendered":"\n<p>Podno Svetog brda na Velebitu, spojilo se nebo sa zemljom!<br>\nU zajedni\u0161tvu, hrvatski policajci, vojnici i planinari, nas 203, odali smo po\u010dast herojima Velebita i svim hrvatskim braniteljima. Usponom na Sveto brdo neki su osvarili svoj prvi ozbiljni uspon te su ostali bez rije\u010di. Mogli su se \u010duti komentari poput: &#8220;Toliko ga gledam, a nikako gore.&#8221; Svetom misom koju je predvodio svima dobro znani vl\u010d. Duje Kurtovi\u0107 na stanovima Jurjevi\u0107a, rekli smo veliko HVALA svim poginulim, nestalim i umrlim braniteljima. U propovijedi se svaki sudionik mogao barem malo poistovijetiti s ratnicima koji su branili Velebit. Vrlo o\u0161tro, direktno i bez ukra\u0161avanja, vl\u010d. Duje nam je ukazao \u0161to zna\u010di ostaviti svoje voljene, napustiti svoj dom radi obrane domovine. Radi ljubavi prema \u010dovjeku, domovini i Bogu. No propovijed je bila usmjerena i na mlade planinare koji su kao domoljubi i vjernici, du\u017eni znati o \u017ertvi hrabrih ratnika s Velebita. Mladi su pozvani da ovakvim pohodima nastave iskazivati svoje po\u0161tovanje i vje\u010dnu zahvalu hrvatskim braniteljima. Na pohodu su sudjelovali \u010dlanovi brojnih planinarskih dru\u0161tava i udruga, ali s velikim po\u0161tovanjem moramo istaknuti pripadnike postrojbi koji su najvi\u0161e doprinijeli obrani Velebita: Specijalne jedinice policije, Planinske satnije Velebit i Tigrova. Pohodu su se priklju\u010dila i petorica branitelja 204. brigade HV-a iz krvlju natopljenog Vukovara. Ovaj pohod je u svim prisutnima dodatno probudio nacionalnu svijest i kr\u0161\u0107anski duh te su se mnogi sami prijavili kako \u017eele biti na raspolaganju u organizaciji sljede\u0107eg pohoda koji \u0107e se odr\u017eati 13.6.2020. godine. Po prvi puta, pripadnici Specijalne jedinice policije Grom iz Karlovca, do\u0161li su sa svojim suprugama i djecom te su ih na vrlo emotivan na\u010din upoznali sa svetom gorom Velebit. Mnogim \u017eestokim specijalcima bile su suze u o\u010dima. Svoj dom iz 90-tih pokazali su svojim voljenima. Zamislite, otac s k\u0107eri ili sinom po prvi puta zajedno na Velebitu i to ba\u0161 na mjestu gdje se ginulo.<br>\nPoklonili smo se i \u017ertvama lovina\u010dkog kraja polo\u017eiv\u0161i vijence kod spomenika u Egeljcu. Zajedni\u010dko dru\u017eenje nastavili smo u Svetom Roku uz izvrstan grah i svima nam posebno drago, Velebitsko pivo.<br>\nBudu\u0107nost ovog i sli\u010dnih pohoda isklju\u010divo je na nama, mladim planinarima. Mi ne smijemo dozvoliti da se zaborave heroji Velebita kojeg toliko volimo. Na\u0161e molitve uz umor, znoj i \u017euljeve najmanje su \u0161to za njih mo\u017eemo u\u010diniti jer\u2026.<br>\n&#8220;Ve\u0107e ljubavi nema od ove: da tko \u017eivot svoj polo\u017ei za prijatelje.&#8221;(Iv 15, 9-17)<br>\nOvaj pohod je prekrasan primjer suradnje na\u0161eg planinarskog dru\u0161tva i Udruge Specijalne jedinice policije Grom Karlova\u010dke \u017eupanije.<\/p>\n","protected":false},"excerpt":{"rendered":"<p>Podno Svetog brda na Velebitu, spojilo se nebo sa zemljom! U zajedni\u0161tvu, hrvatski policajci, vojnici i planinari, nas 203, odali smo po\u010dast herojima Velebita i svim hrvatskim braniteljima. Usponom na Sveto brdo<a class=\"moretag\" href=\"https:\/\/ekosspiritus.hr\/index.php\/2019\/06\/19\/dogodilo-se-misa-podno-svetog-brda\/\">Read More&#8230;<\/a><\/p>\n","protected":false},"author":2,"featured_media":0,"comment_status":"closed","ping_status":"open","sticky":false,"template":"","format":"standard","meta":{"footnotes":""},"categories":[1],"tags":[],"class_list":["post-1357","post","type-post","status-publish","format-standard","hentry","category-ekosspiritus"],"_links":{"self":[{"href":"https:\/\/ekosspiritus.hr\/index.php\/wp-json\/wp\/v2\/posts\/1357","targetHints":{"allow":["GET"]}}],"collection":[{"href":"https:\/\/ekosspiritus.hr\/index.php\/wp-json\/wp\/v2\/posts"}],"about":[{"href":"https:\/\/ekosspiritus.hr\/index.php\/wp-json\/wp\/v2\/types\/post"}],"author":[{"embeddable":true,"href":"https:\/\/ekosspiritus.hr\/index.php\/wp-json\/wp\/v2\/users\/2"}],"replies":[{"embeddable":true,"href":"https:\/\/ekosspiritus.hr\/index.php\/wp-json\/wp\/v2\/comments?post=1357"}],"version-history":[{"count":1,"href":"https:\/\/ekosspiritus.hr\/index.php\/wp-json\/wp\/v2\/posts\/1357\/revisions"}],"predecessor-version":[{"id":1358,"href":"https:\/\/ekosspiritus.hr\/index.php\/wp-json\/wp\/v2\/posts\/1357\/revisions\/1358"}],"wp:attachment":[{"href":"https:\/\/ekosspiritus.hr\/index.php\/wp-json\/wp\/v2\/media?parent=1357"}],"wp:term":[{"taxonomy":"category","embeddable":true,"href":"https:\/\/ekosspiritus.hr\/index.php\/wp-json\/wp\/v2\/categories?post=1357"},{"taxonomy":"post_tag","embeddable":true,"href":"https:\/\/ekosspiritus.hr\/index.php\/wp-json\/wp\/v2\/tags?post=1357"}],"curies":[{"name":"wp","href":"https:\/\/api.w.org\/{rel}","templated":true}]}}