{"id":1365,"date":"2019-07-01T11:31:31","date_gmt":"2019-07-01T11:31:31","guid":{"rendered":"http:\/\/ekosspiritus.hr\/?p=1365"},"modified":"2019-07-01T11:31:32","modified_gmt":"2019-07-01T11:31:32","slug":"dogodilo-se-prejt-vu-selo-na-proscejnedragonos","status":"publish","type":"post","link":"https:\/\/ekosspiritus.hr\/index.php\/2019\/07\/01\/dogodilo-se-prejt-vu-selo-na-proscejnedragonos\/","title":{"rendered":"DOGODILO SE: Prejt vu selo na pro\u0161\u010dejne\u2026Dragono\u0161"},"content":{"rendered":"\n<p>\u010clanovi Dru\u0161tva sv. Izidora Seljaka nastavili s lijepom tradicijom odlaska u selo na pro\u0161\u010dejne.<\/p>\n\n\n\n<p>Kapela sv. Antuna u selu Dragono\u0161 u Samoborskom gorju, dva puta godi\u0161nje okupi hodo\u010dasnike. Prvi puta je u nedjelji osmine svetkovine sv. Antuna a drugi put u nedjelji osmine sv. Ivana Krstitelja. \u010clanovi Dru\u0161tva sv. Izidora Seljaka na poziv na\u0161e \u010dlanice Zlate pridru\u017eili su se doma\u0107im vjernicima i njihovim prijateljima i kumovima na slavlju sv. Ivana u nedjelju 29. lipnja kojem je kapela u Dragono\u0161u drugotni titular. Misu je predvodio vl\u010d. Mladen Sinkovi\u0107 upravitelj \u017eupe Nor\u0161i\u0107 Selo na \u010dijem se teritoriju kapela nalazi. Uklju\u010dili smo se u \u010ditanje misnih \u010ditanja, pjevanje i molitvu sv. Ivanu za sve na\u0161e potrebe. Obukli smo narodne no\u0161nje u \u010dast sveca i \u017eelje za o\u010duvanjem na\u0161e ba\u0161tine. Bilo nam je lijepo. Nakon mise kupili smo doma\u0107e medenjake i gvirc od na\u0161ih medi\u010dara obitelji Oslakovi\u0107, sjeli u hlad starih \u0161ljiva, izvadili hranu i pi\u0107e iz na\u0161ih cekera i u\u017eivali u zajedni\u0161tvu, ugodnom razgovoru, \u0161alama, pjesmi i ugodnom ozra\u010dju. Hvala Zlati na pozivu, mje\u0161tanima na lijepom gostoprimstvu.<\/p>\n","protected":false},"excerpt":{"rendered":"<p>\u010clanovi Dru\u0161tva sv. Izidora Seljaka nastavili s lijepom tradicijom odlaska u selo na pro\u0161\u010dejne. Kapela sv. Antuna u selu Dragono\u0161 u Samoborskom gorju, dva puta godi\u0161nje okupi hodo\u010dasnike. Prvi puta je u<a class=\"moretag\" href=\"https:\/\/ekosspiritus.hr\/index.php\/2019\/07\/01\/dogodilo-se-prejt-vu-selo-na-proscejnedragonos\/\">Read More&#8230;<\/a><\/p>\n","protected":false},"author":2,"featured_media":0,"comment_status":"closed","ping_status":"open","sticky":false,"template":"","format":"standard","meta":{"footnotes":""},"categories":[1],"tags":[],"class_list":["post-1365","post","type-post","status-publish","format-standard","hentry","category-ekosspiritus"],"_links":{"self":[{"href":"https:\/\/ekosspiritus.hr\/index.php\/wp-json\/wp\/v2\/posts\/1365","targetHints":{"allow":["GET"]}}],"collection":[{"href":"https:\/\/ekosspiritus.hr\/index.php\/wp-json\/wp\/v2\/posts"}],"about":[{"href":"https:\/\/ekosspiritus.hr\/index.php\/wp-json\/wp\/v2\/types\/post"}],"author":[{"embeddable":true,"href":"https:\/\/ekosspiritus.hr\/index.php\/wp-json\/wp\/v2\/users\/2"}],"replies":[{"embeddable":true,"href":"https:\/\/ekosspiritus.hr\/index.php\/wp-json\/wp\/v2\/comments?post=1365"}],"version-history":[{"count":1,"href":"https:\/\/ekosspiritus.hr\/index.php\/wp-json\/wp\/v2\/posts\/1365\/revisions"}],"predecessor-version":[{"id":1366,"href":"https:\/\/ekosspiritus.hr\/index.php\/wp-json\/wp\/v2\/posts\/1365\/revisions\/1366"}],"wp:attachment":[{"href":"https:\/\/ekosspiritus.hr\/index.php\/wp-json\/wp\/v2\/media?parent=1365"}],"wp:term":[{"taxonomy":"category","embeddable":true,"href":"https:\/\/ekosspiritus.hr\/index.php\/wp-json\/wp\/v2\/categories?post=1365"},{"taxonomy":"post_tag","embeddable":true,"href":"https:\/\/ekosspiritus.hr\/index.php\/wp-json\/wp\/v2\/tags?post=1365"}],"curies":[{"name":"wp","href":"https:\/\/api.w.org\/{rel}","templated":true}]}}