{"id":1374,"date":"2019-07-21T14:01:44","date_gmt":"2019-07-21T14:01:44","guid":{"rendered":"http:\/\/ekosspiritus.hr\/?p=1374"},"modified":"2019-07-21T14:01:45","modified_gmt":"2019-07-21T14:01:45","slug":"najavljujemo-lijepa-li-si-strazeman-pozega-park-prirode-papuk","status":"publish","type":"post","link":"https:\/\/ekosspiritus.hr\/index.php\/2019\/07\/21\/najavljujemo-lijepa-li-si-strazeman-pozega-park-prirode-papuk\/","title":{"rendered":"NAJAVLJUJEMO: Lijepa li si \u2026Stra\u017eeman, Po\u017eega, Park prirode Papuk"},"content":{"rendered":"\n<p>\u201ePravi mu\u017eevi ne sagiblju koljena pred la\u017enim duhom vremena\u201c<br>\nbl. Alojzije Stepinac<\/p>\n\n\n\n<p>Lijepa li si \u2026Stra\u017eeman, Po\u017eega, Park prirode Papuk (21. i 22.rujna)<br> Projekt udruge Ekosspiritus i Hrvatskog planinarskog dru\u0161tva sv. Patrika pod nazivom  \u201e Lijepa li si\u2026\u201c odvija se jednom godi\u0161nje na lokacijama diljem Hrvatske. Nastao je u \u017eelji upoznavanja Domovine koja nam je bogata povije\u0161\u0107u, kulturom i mjestima gdje mo\u017eemo zastati i u\u010diti o duhovnosti koja nam je va\u017ena za dana\u0161nje vrijeme.<br> Pozivamo \u010dlanove i prijatelje svih sekcija udruge Ekosspiritus i \u010dlanove i prijatelje Hrvatskog planinarskog dru\u0161tva sv. Patrika u Slavoniju, u Stra\u017eeman, Po\u017eegu i  Jankovac u Park prirode Papuk. U Stra\u017eemanu \u0107e nas do\u010dekati vl\u010d. Robert Mokri, na\u0161 dugogodi\u0161nji \u010dlan i duhovnik. U crkvi sv. Mihaela arkan\u0111ela je mozaik hrvatskih bla\u017eenika, svetaca i crkvenih velikodostojnika me\u0111u kojima je i bl. Alojzije Stepinac. Zbog toga mozaika su tada\u0161nje komunisti\u010dke vlasti zatvorile \u017eupnika, a mnogi su \u017eupljani zavr\u0161ili na saslu\u0161anju i bili izlo\u017eeni porugama i osudama.<br> Svi \u010dlanovi i prijatelji mogu izabrati izme\u0111u dvije mogu\u0107nosti: jednodnevni ili dvodnevni izlet. Zajedno \u0107emo se na\u0107i u nedjelju u Stra\u017eemanu.<\/p>\n\n\n\n<p><br>OKVIRNI PLAN<br> 21.rujna ( subota)<br> Polazak iz Samobora u 6.00h iz gara\u017ee Samobor\u010deka a u 6.30h iz Zagreba (parkirali\u0161te iza Sveu\u010dili\u0161ne knji\u017enice). Vo\u017enja prema Jankovcu. Planinarenje do Velike gdje je no\u0107enje u HEP-ovom nastavnom centru u sobama s tu\u0161em. U cijenu je uklju\u010den i doru\u010dak.<br> Odlazak u Stra\u017eeman na misu u 11.00h, zajedni\u010dki ru\u010dak te odlazak u Po\u017eegu u razgled katedrale i crkve sv. Lovre.<\/p>\n\n\n\n<p>22.rujna (nedjelja)<br> Polazak iz autobusnog kolodvora u Samboru u 5.30h i u 6.00h iz Zagreba (parkirali\u0161te iza Sveu\u010dili\u0161ne biblioteke).<br> Misa je u 11.00 sati, zajedni\u010dki ru\u010dak, dru\u017eenje, te odlazak u Po\u017eegu s razgledanjem katedrale i crkve sv. Lovre.<br> Na misi \u0107emo sudjelovati u narodnim no\u0161njama. Za ru\u010dak morate ponijeti zdjelicu i \u017elicu, ispecite kola\u010de.<br> Informacije i rezervacije: Branka Toth (za dru\u0161tvo sv. Izidora Seljaka), a ostali na mail: ekosspiritus@gmail.com.<br> Radujemo se na\u0161em zajedni\u0161tvu u Slavoniji.<\/p>\n","protected":false},"excerpt":{"rendered":"<p>\u201ePravi mu\u017eevi ne sagiblju koljena pred la\u017enim duhom vremena\u201c bl. Alojzije Stepinac Lijepa li si \u2026Stra\u017eeman, Po\u017eega, Park prirode Papuk (21. i 22.rujna) Projekt udruge Ekosspiritus i Hrvatskog planinarskog dru\u0161tva sv. Patrika<a class=\"moretag\" href=\"https:\/\/ekosspiritus.hr\/index.php\/2019\/07\/21\/najavljujemo-lijepa-li-si-strazeman-pozega-park-prirode-papuk\/\">Read More&#8230;<\/a><\/p>\n","protected":false},"author":2,"featured_media":0,"comment_status":"closed","ping_status":"open","sticky":false,"template":"","format":"standard","meta":{"footnotes":""},"categories":[1],"tags":[],"class_list":["post-1374","post","type-post","status-publish","format-standard","hentry","category-ekosspiritus"],"_links":{"self":[{"href":"https:\/\/ekosspiritus.hr\/index.php\/wp-json\/wp\/v2\/posts\/1374","targetHints":{"allow":["GET"]}}],"collection":[{"href":"https:\/\/ekosspiritus.hr\/index.php\/wp-json\/wp\/v2\/posts"}],"about":[{"href":"https:\/\/ekosspiritus.hr\/index.php\/wp-json\/wp\/v2\/types\/post"}],"author":[{"embeddable":true,"href":"https:\/\/ekosspiritus.hr\/index.php\/wp-json\/wp\/v2\/users\/2"}],"replies":[{"embeddable":true,"href":"https:\/\/ekosspiritus.hr\/index.php\/wp-json\/wp\/v2\/comments?post=1374"}],"version-history":[{"count":1,"href":"https:\/\/ekosspiritus.hr\/index.php\/wp-json\/wp\/v2\/posts\/1374\/revisions"}],"predecessor-version":[{"id":1375,"href":"https:\/\/ekosspiritus.hr\/index.php\/wp-json\/wp\/v2\/posts\/1374\/revisions\/1375"}],"wp:attachment":[{"href":"https:\/\/ekosspiritus.hr\/index.php\/wp-json\/wp\/v2\/media?parent=1374"}],"wp:term":[{"taxonomy":"category","embeddable":true,"href":"https:\/\/ekosspiritus.hr\/index.php\/wp-json\/wp\/v2\/categories?post=1374"},{"taxonomy":"post_tag","embeddable":true,"href":"https:\/\/ekosspiritus.hr\/index.php\/wp-json\/wp\/v2\/tags?post=1374"}],"curies":[{"name":"wp","href":"https:\/\/api.w.org\/{rel}","templated":true}]}}