{"id":1463,"date":"2019-12-11T09:47:37","date_gmt":"2019-12-11T09:47:37","guid":{"rendered":"http:\/\/ekosspiritus.hr\/?p=1463"},"modified":"2019-12-11T09:47:38","modified_gmt":"2019-12-11T09:47:38","slug":"dogodilo-se-otvorena-izlozba-jaslica-u-gradskoj-knjiznici","status":"publish","type":"post","link":"https:\/\/ekosspiritus.hr\/index.php\/2019\/12\/11\/dogodilo-se-otvorena-izlozba-jaslica-u-gradskoj-knjiznici\/","title":{"rendered":"DOGODILO SE: Otvorena izlo\u017eba jaslica u Gradskoj knji\u017enici"},"content":{"rendered":"\n<p>U ranim ve\u010dernjim satima 10. prosinca 2019. otvorena je u Gradskoj knji\u017enici u Samoboru izlo\u017eba jaslica koje su razli\u010ditim tehnikama izradili \u010dlanovi i prijatelji Dru\u0161tva sv. Izidora Seljaka koji se okupljaju u udruzi Ekosspiritus.  Petnaestak kompozicija jaslica krasi izloge dje\u010djeg odjela knji\u017enice kao i odjela za odrasle. Na po\u010detku otvaranja izlo\u017ebe sve prisutne pozdravila je Mirjana Dimnjakovi\u0107, ravnateljica Gradske knji\u017enice Samobor. Program otvaranja izlo\u017ebe vodila je Vlasta Hr\u017ei\u0107, voditeljica sekcije jasli\u010dara Dru\u0161tva sv. Izidora Seljaka naglasiv\u0161i da je ovo tre\u0107a godina kako sekcija jasli\u010dara postavlja izlo\u017ebu jaslica u razli\u010ditim ambijentima. O povijesti postavljanja jaslica u samoborskom kraju govorio je Radovan Libri\u0107, vjerou\u010ditelj i tajnik udruge Ekosspiritus prisjetiv\u0161i se svojih sje\u0107anja na jaslice samoborskih crkvi, kapela i onih u privatnim domovima koje je uo\u010dio prilikom blagoslova ku\u0107a.<br>\n\u010clanice i \u010dlanovi Dru\u0161tva sv. Izidora Seljaka obukli su svoje narodne no\u0161nje u\u010diniv\u0161i trenutak otvaranja izlo\u017ebe jo\u0161 sve\u010danijim i ljep\u0161im. Na kraju su sve prisutne pozdravili predstavnici grada Samobora: gospodin Juro Horvat, pro\u010delnik Upravnog odjela za dru\u0161tvene djelatnosti u gradu Samoboru i gospodinMarinko \u0110epina iz Upravnog odjela za gospodarstvo, razvoj i projekte Europske unije, proglasiv\u0161i izlo\u017ebu otvorenom na radost mnogih koji \u0107e kroz mjesec dana pro\u0107i uz izloge Gradske knji\u017enice. Gospodin Horvat pohvalio je i zahvalio na trudu svim \u010dlanovima udruge Ekosspiritus i Dru\u0161tva sv. Izidora Seljaka koji \u010duvaju tradiciju i ba\u0161tinu Samobora.<br>\nSvi prisutni ostali su u lijepom zajedni\u0161tvu uz degustaciju doma\u0107ih kola\u010da koje su ispekle \u010dlanice Dru\u0161tva sv. Izidora Seljaka.<\/p>\n","protected":false},"excerpt":{"rendered":"<p>U ranim ve\u010dernjim satima 10. prosinca 2019. otvorena je u Gradskoj knji\u017enici u Samoboru izlo\u017eba jaslica koje su razli\u010ditim tehnikama izradili \u010dlanovi i prijatelji Dru\u0161tva sv. Izidora Seljaka koji se okupljaju u<a class=\"moretag\" href=\"https:\/\/ekosspiritus.hr\/index.php\/2019\/12\/11\/dogodilo-se-otvorena-izlozba-jaslica-u-gradskoj-knjiznici\/\">Read More&#8230;<\/a><\/p>\n","protected":false},"author":2,"featured_media":0,"comment_status":"closed","ping_status":"open","sticky":false,"template":"","format":"standard","meta":{"footnotes":""},"categories":[1],"tags":[],"class_list":["post-1463","post","type-post","status-publish","format-standard","hentry","category-ekosspiritus"],"_links":{"self":[{"href":"https:\/\/ekosspiritus.hr\/index.php\/wp-json\/wp\/v2\/posts\/1463","targetHints":{"allow":["GET"]}}],"collection":[{"href":"https:\/\/ekosspiritus.hr\/index.php\/wp-json\/wp\/v2\/posts"}],"about":[{"href":"https:\/\/ekosspiritus.hr\/index.php\/wp-json\/wp\/v2\/types\/post"}],"author":[{"embeddable":true,"href":"https:\/\/ekosspiritus.hr\/index.php\/wp-json\/wp\/v2\/users\/2"}],"replies":[{"embeddable":true,"href":"https:\/\/ekosspiritus.hr\/index.php\/wp-json\/wp\/v2\/comments?post=1463"}],"version-history":[{"count":1,"href":"https:\/\/ekosspiritus.hr\/index.php\/wp-json\/wp\/v2\/posts\/1463\/revisions"}],"predecessor-version":[{"id":1464,"href":"https:\/\/ekosspiritus.hr\/index.php\/wp-json\/wp\/v2\/posts\/1463\/revisions\/1464"}],"wp:attachment":[{"href":"https:\/\/ekosspiritus.hr\/index.php\/wp-json\/wp\/v2\/media?parent=1463"}],"wp:term":[{"taxonomy":"category","embeddable":true,"href":"https:\/\/ekosspiritus.hr\/index.php\/wp-json\/wp\/v2\/categories?post=1463"},{"taxonomy":"post_tag","embeddable":true,"href":"https:\/\/ekosspiritus.hr\/index.php\/wp-json\/wp\/v2\/tags?post=1463"}],"curies":[{"name":"wp","href":"https:\/\/api.w.org\/{rel}","templated":true}]}}