{"id":1479,"date":"2020-02-02T19:16:57","date_gmt":"2020-02-02T19:16:57","guid":{"rendered":"http:\/\/ekosspiritus.hr\/?p=1479"},"modified":"2020-02-02T19:16:58","modified_gmt":"2020-02-02T19:16:58","slug":"godisnji-plan-za-2020-godinu","status":"publish","type":"post","link":"https:\/\/ekosspiritus.hr\/index.php\/2020\/02\/02\/godisnji-plan-za-2020-godinu\/","title":{"rendered":"GODI\u0160NJI PLAN ZA 2020. GODINU"},"content":{"rendered":"\n<p>OKVIRNI KALENDAR UDRUGE EKOSSPIRITUS ZA 2020. GODINU<\/p>\n\n\n\n<p>Redovito sastajanje \u010dlanova sekcija<\/p>\n\n\n\n<p>Dru\u0161tvo sv. Izidora Seljaka, prvi ponedjeljak u mjesecu, \u017eupni ured Samobor<\/p>\n\n\n\n<p>HPD sv. Patrika, 17. dan u mjesecu (sije\u010danj, velja\u010da, o\u017eujak, travanj, svibanj, studeni i prosinac)<\/p>\n\n\n\n<p>Bratov\u0161tina sv. Jakova, 25. dan u mjesecu (svi mjeseci osim prosinca)<\/p>\n\n\n\n<p>Sije\u010danj<br>\n            15. (srijeda) Svetkovina sv. Anastazije (Bratov\u0161tina sv. Jakova, Dru\u0161tvo sv. Izidora)<br>\n            17. (petak) Mogu\u0107nost obnove \u010dlanstva u HPD-u<\/p>\n\n\n\n<ol class=\"wp-block-list\"><li>(nedjelja) Planinarski izlet na sv. Geru<\/li><\/ol>\n\n\n\n<p>Velja\u010da<br>\n          1. (subota) Predstavni\u010dka Skup\u0161tina udruge Ekosspiritus<br>\n          9. (nedjelja) Otvorenje izlo\u017ebe na Cerini \u201eSna\u017eni citati bl. Alojzija Stepinca\u201c<br>\n          16. (nedjelja) Planinarski izlet u Samoborsko gorje<br>\n          29. (subota) Radna akcija na Cerini (Bratov\u0161tina sv. Jakova apostola)<\/p>\n\n\n\n<p>O\u017eujak<br>\n          1.( nedjelja) Medvednica: Kralji\u010din Zdenac &#8211; Grafi\u010dar<br>\n         14. (subota) Planinarski izlet povodom Svetkovine sv. Patrika, dru\u017eenje \u010dlanova HPD-a sv. Patrika                                                                                                                                                           <br>\n           21. i 22.  (subota i nedjelja)  65. Planinarski kri\u017eni put, \u0160ibenik    <br>\n           28. (subota) Obiteljski Planinarski kri\u017eni put, Samoborsko gorje<\/p>\n\n\n\n<p>Travanj<br>\n           4. i 5. (subota i nedjelja) Proljetni samoborski sajam (Dru\u0161tvo sv. Izidora)<br>\n           9. \/ 10. (Veliki \u010detvrtak \/ Veliki petak) No\u0107ni kri\u017eni put <br>\n           13. (Uskrsni ponedjeljak) Emaus na Bilogori (autima)<br>\n           25. (subota) Misa na Cerini u \u010dast sv. Jurja<br>\n           25. (subota) Ravna Gora, planinarski autobusni izlet<br>\n           20 \u2013 26. (ponedjeljak \u2013 nedjelja) Camino Krk<\/p>\n\n\n\n<p>Svibanj<br>\n          3. (nedjelja) Lijepa li si i Hrvatska kakvu ne poznajete\u2026Ivan Ranger I. dio<br>\n          16. (subota) 10 godina Dru\u0161tva sv. Izidora Seljaka<br>\n           17. (nedjelja) Bijele stijene (planinarski izlet  autima)    <br>\n           19 \u2013 31. (utorak \u2013 nedjelja) Camino, Portugalska ruta   <\/p>\n\n\n\n<p>Lipanj<br>\n           6.  (subota) U\u010dka DAN HRVATSKIH PLANINARA<br>\n          7. (nedjelja) \u0160atorina iz \u0160tirova\u010de, Velebit (autobusni planinarski izlet)<br>\n          13. i 14. (subota i nedjelja) Planinarski izlet Obiteljske zajednice<br>\n          14. (nedjelja) Prejtvu selo na pro\u0161\u010dejne, Gradna, sv.Antun Padovanski<br>\n           20. (subota) Slovenija, Velika planina (autobusom)<br>\n         21. (nedjelja) Susret svih Bratov\u0161tina &#8211; Lug<br>\n         25 &#8211; 28. (\u010detvrtak \u2013 nedjelja) Dje\u010dji ljetni kamp na Cerini<\/p>\n\n\n\n<p>Srpanj<br>\n        4. (subota) \u0110akovo, \u0110akovova\u010dki vezovi, Dru\u0161tvo sv. Izidora Seljaka, sudjelovanje na sve\u010danom mimohodu<br>\n          4. i 5. (subota i nedjelja) Slovenija, Grintavec, Visokogorski izlet (autima)<br>\n          18. 7. \u2013 9. 8. Camino, Francuska ruta<\/p>\n\n\n\n<p>Kolovoz<br>\n     2 \u2013 5. Bistri\u010dko pro\u0161tenje grada Samobora , Dru\u0161tvo sv. Izidora Seljaka<br>\n     10 \u2013 20. Asiz \u2013 Rim (pje\u0161ice)<\/p>\n\n\n\n<p>Rujan<br> 26 (subota) Ivan\u0161\u010dica (planinarski izlet autobusom)<\/p>\n\n\n\n<p><br> Listopad<br> 5 \u2013 11. (ponedjeljak \u2013 nedjelja) Camino tjedan na Krku, Bratov\u0161tina sv. Jakova<\/p>\n\n\n\n<ol class=\"wp-block-list\"><li>i 11. (subota i nedjelja) 65. Planinarski kri\u017eni put, Krk<\/li><li>Dan seoske \u017eene, Dru\u0161tvo sv. Izidora Seljaka<\/li><li>(subota) Kalnik, planinarski izlet<\/li><\/ol>\n\n\n\n<p>Studeni<\/p>\n\n\n\n<ol class=\"wp-block-list\"><li>(subota) Medvednica, Susedgrad \u2013 Ponikve (javni gradski prijevoz)<\/li><li>(subota) Godi\u0161nja Skup\u0161tina Bratov\u0161tina sv. Jakova apostola<\/li><li>studeni \u2013 20.prosinac, Advent na Cerini<\/li><\/ol>\n\n\n\n<p>Prosinac<\/p>\n\n\n\n<ol class=\"wp-block-list\"><li>i 6. (subota i nedjelja) Duhovna obiteljska priprema za Bo\u017ei\u0107<\/li><li>(subota) Advent u Austriji<\/li><li>(subota) Ure\u0111enje ku\u0107e na Cerini za Bo\u017ei\u0107<\/li><\/ol>\n","protected":false},"excerpt":{"rendered":"<p>OKVIRNI KALENDAR UDRUGE EKOSSPIRITUS ZA 2020. GODINU Redovito sastajanje \u010dlanova sekcija Dru\u0161tvo sv. Izidora Seljaka, prvi ponedjeljak u mjesecu, \u017eupni ured Samobor HPD sv. Patrika, 17. dan u mjesecu (sije\u010danj, velja\u010da, o\u017eujak,<a class=\"moretag\" href=\"https:\/\/ekosspiritus.hr\/index.php\/2020\/02\/02\/godisnji-plan-za-2020-godinu\/\">Read More&#8230;<\/a><\/p>\n","protected":false},"author":2,"featured_media":0,"comment_status":"closed","ping_status":"open","sticky":false,"template":"","format":"standard","meta":{"footnotes":""},"categories":[1],"tags":[],"class_list":["post-1479","post","type-post","status-publish","format-standard","hentry","category-ekosspiritus"],"_links":{"self":[{"href":"https:\/\/ekosspiritus.hr\/index.php\/wp-json\/wp\/v2\/posts\/1479","targetHints":{"allow":["GET"]}}],"collection":[{"href":"https:\/\/ekosspiritus.hr\/index.php\/wp-json\/wp\/v2\/posts"}],"about":[{"href":"https:\/\/ekosspiritus.hr\/index.php\/wp-json\/wp\/v2\/types\/post"}],"author":[{"embeddable":true,"href":"https:\/\/ekosspiritus.hr\/index.php\/wp-json\/wp\/v2\/users\/2"}],"replies":[{"embeddable":true,"href":"https:\/\/ekosspiritus.hr\/index.php\/wp-json\/wp\/v2\/comments?post=1479"}],"version-history":[{"count":1,"href":"https:\/\/ekosspiritus.hr\/index.php\/wp-json\/wp\/v2\/posts\/1479\/revisions"}],"predecessor-version":[{"id":1480,"href":"https:\/\/ekosspiritus.hr\/index.php\/wp-json\/wp\/v2\/posts\/1479\/revisions\/1480"}],"wp:attachment":[{"href":"https:\/\/ekosspiritus.hr\/index.php\/wp-json\/wp\/v2\/media?parent=1479"}],"wp:term":[{"taxonomy":"category","embeddable":true,"href":"https:\/\/ekosspiritus.hr\/index.php\/wp-json\/wp\/v2\/categories?post=1479"},{"taxonomy":"post_tag","embeddable":true,"href":"https:\/\/ekosspiritus.hr\/index.php\/wp-json\/wp\/v2\/tags?post=1479"}],"curies":[{"name":"wp","href":"https:\/\/api.w.org\/{rel}","templated":true}]}}