{"id":1482,"date":"2020-02-10T15:25:06","date_gmt":"2020-02-10T15:25:06","guid":{"rendered":"http:\/\/ekosspiritus.hr\/?p=1482"},"modified":"2020-02-10T15:25:08","modified_gmt":"2020-02-10T15:25:08","slug":"otvorena-izlozba-cetrnaest-snaznih-citata-blazenog-alojzija-stepinca","status":"publish","type":"post","link":"https:\/\/ekosspiritus.hr\/index.php\/2020\/02\/10\/otvorena-izlozba-cetrnaest-snaznih-citata-blazenog-alojzija-stepinca\/","title":{"rendered":"OTVORENA IZLO\u017dBA: \u010cetrnaest sna\u017enih citata bla\u017eenog Alojzija Stepinca"},"content":{"rendered":"\n<p>\u010cetrnaest sna\u017enih citata bla\u017eenog Alojzija Stepinca<br>\nU nedjelju 9.velja\u010de u planinarskom domu Cerinski vir u Samoborskom gorju otvorena je izlo\u017eba citata bla\u017eenog Alojzija Stepinca. Izlo\u017ebi je prethodila misa koju je predvodio don Marin Drago Kozi\u0107. Na euharistiju okupili su se u najve\u0107em broju \u010dlanovi Planinarskog dru\u0161tva \u201e Sv. Rok\u201c iz Svete Nedelje te doma\u0107i \u010dlanovi Hrvatskog planinarskog dru\u0161tva sv. Patrika.<br>\n\u010cetrnaest citata bla\u017eenog Alojzija Stepinca izvezle su djevojke i \u017eene Dru\u0161tva sv. Izidora Seljaka udruge Ekosspiritus tehnikom kri\u017ei\u0107a na platnu koje je uokvireno jednostavnim okvirima koje je izradio Vlado Kenda.<br>\nIzlo\u017ebu je otvorio Radovan Libri\u0107, vjerou\u010ditelj i tom prigodom naglasio : \u201eIako citiramo Bla\u017eenika koji je \u017eivio prije \u0161ezdeset godina, citati su danas sna\u017eni, \u010desto citirani, ugra\u0111ivani u propovijedi i druge tekstove na\u0161eg vremena jer nose poruku istine koja je aktualna u svako vrijeme. Ovu izlo\u017ebu priredili smo na \u0161ezdesetu obljetnicu smrti Bla\u017eenika u \u017eelji da ponu\u0111eni citati govore i danas nama i postanu u na\u0161em sada\u0161njem trenutku \u017eivota nadahnu\u0107e za na\u0161e \u017eivotne situacije.\u201c<br>\nZa izlo\u017ebu je otisnut letak na kojem se nalaze svih 14 citata Bla\u017eenika uz katehetska pitanja te je \u010ditava izlo\u017eba postala svojevrsna kateheza za sve one koji \u0107e u slijede\u0107ih mjesec dana posjetiti planinarski dom Cerinski vir.<\/p>\n","protected":false},"excerpt":{"rendered":"<p>\u010cetrnaest sna\u017enih citata bla\u017eenog Alojzija Stepinca U nedjelju 9.velja\u010de u planinarskom domu Cerinski vir u Samoborskom gorju otvorena je izlo\u017eba citata bla\u017eenog Alojzija Stepinca. Izlo\u017ebi je prethodila misa koju je predvodio don<a class=\"moretag\" href=\"https:\/\/ekosspiritus.hr\/index.php\/2020\/02\/10\/otvorena-izlozba-cetrnaest-snaznih-citata-blazenog-alojzija-stepinca\/\">Read More&#8230;<\/a><\/p>\n","protected":false},"author":2,"featured_media":0,"comment_status":"closed","ping_status":"open","sticky":false,"template":"","format":"standard","meta":{"footnotes":""},"categories":[1],"tags":[],"class_list":["post-1482","post","type-post","status-publish","format-standard","hentry","category-ekosspiritus"],"_links":{"self":[{"href":"https:\/\/ekosspiritus.hr\/index.php\/wp-json\/wp\/v2\/posts\/1482","targetHints":{"allow":["GET"]}}],"collection":[{"href":"https:\/\/ekosspiritus.hr\/index.php\/wp-json\/wp\/v2\/posts"}],"about":[{"href":"https:\/\/ekosspiritus.hr\/index.php\/wp-json\/wp\/v2\/types\/post"}],"author":[{"embeddable":true,"href":"https:\/\/ekosspiritus.hr\/index.php\/wp-json\/wp\/v2\/users\/2"}],"replies":[{"embeddable":true,"href":"https:\/\/ekosspiritus.hr\/index.php\/wp-json\/wp\/v2\/comments?post=1482"}],"version-history":[{"count":1,"href":"https:\/\/ekosspiritus.hr\/index.php\/wp-json\/wp\/v2\/posts\/1482\/revisions"}],"predecessor-version":[{"id":1483,"href":"https:\/\/ekosspiritus.hr\/index.php\/wp-json\/wp\/v2\/posts\/1482\/revisions\/1483"}],"wp:attachment":[{"href":"https:\/\/ekosspiritus.hr\/index.php\/wp-json\/wp\/v2\/media?parent=1482"}],"wp:term":[{"taxonomy":"category","embeddable":true,"href":"https:\/\/ekosspiritus.hr\/index.php\/wp-json\/wp\/v2\/categories?post=1482"},{"taxonomy":"post_tag","embeddable":true,"href":"https:\/\/ekosspiritus.hr\/index.php\/wp-json\/wp\/v2\/tags?post=1482"}],"curies":[{"name":"wp","href":"https:\/\/api.w.org\/{rel}","templated":true}]}}