{"id":1487,"date":"2020-02-21T19:06:06","date_gmt":"2020-02-21T19:06:06","guid":{"rendered":"http:\/\/ekosspiritus.hr\/?p=1487"},"modified":"2020-02-21T19:06:07","modified_gmt":"2020-02-21T19:06:07","slug":"najavljujemo-65-planinarski-krizni-put","status":"publish","type":"post","link":"https:\/\/ekosspiritus.hr\/index.php\/2020\/02\/21\/najavljujemo-65-planinarski-krizni-put\/","title":{"rendered":"NAJAVLJUJEMO: 65. Planinarski kri\u017eni put"},"content":{"rendered":"\n<p>Dragi mladi prijatelji, hodo\u010dasnici, planinari, sudionici Planinarskih kri\u017enih puteva i oni koji \u0107e to tek postati!<br> Idemo u \u0160ibensku biskupiju gdje nas o\u010dekuju doma\u0107ini \u2013 mladi \u0160ibenske biskupije predvo\u0111eni svojim povjerenikom don Gabrijelom i ocem biskupom Tomislavom. Tu je i Maja koja je dolazila na one prve kri\u017ene puteve s Dugavljanima, a onda se udala na Murter\u2026 i za\u017eeljela da Planinarski kri\u017eni put do\u0111e u sredinu gdje sada \u017eivi.<br> Idemooooo, s novom vjerom koja nam govori da se istinska duhovnost nalazi u dubini, ne na povr\u0161ini. Za dubinu pak potrebna je \u017ertva i napor\u2026 koji se mogu zajedno posti\u0107i s Kristom. Zovemo vas u najve\u0107e dubine. U otajstvo euharistija, molitve, pjesme, zajedni\u0161tva\u2026 u otajstvo Crkve.<br> Letak sa svim podacima mo\u017eete preuzeti: <\/p>\n\n\n\n<p><a href=\"http:\/\/ekosspiritus.hr\/wp-content\/uploads\/2020\/02\/Letak-65-PKP.doc\">http:\/\/ekosspiritus.hr\/wp-content\/uploads\/2020\/02\/Letak-65-PKP.doc<\/a><\/p>\n\n\n\n<p>Skupna lista za animatore:<\/p>\n\n\n\n<p><a href=\"http:\/\/ekosspiritus.hr\/wp-content\/uploads\/2020\/02\/Skupna-lista-65-PKP.doc\">http:\/\/ekosspiritus.hr\/wp-content\/uploads\/2020\/02\/Skupna-lista-65-PKP.doc<\/a><\/p>\n\n\n\n<p>Radosno vas o\u010dekujemo!<\/p>\n","protected":false},"excerpt":{"rendered":"<p>Dragi mladi prijatelji, hodo\u010dasnici, planinari, sudionici Planinarskih kri\u017enih puteva i oni koji \u0107e to tek postati! Idemo u \u0160ibensku biskupiju gdje nas o\u010dekuju doma\u0107ini \u2013 mladi \u0160ibenske biskupije predvo\u0111eni svojim povjerenikom don<a class=\"moretag\" href=\"https:\/\/ekosspiritus.hr\/index.php\/2020\/02\/21\/najavljujemo-65-planinarski-krizni-put\/\">Read More&#8230;<\/a><\/p>\n","protected":false},"author":2,"featured_media":0,"comment_status":"closed","ping_status":"open","sticky":false,"template":"","format":"standard","meta":{"footnotes":""},"categories":[1],"tags":[],"class_list":["post-1487","post","type-post","status-publish","format-standard","hentry","category-ekosspiritus"],"_links":{"self":[{"href":"https:\/\/ekosspiritus.hr\/index.php\/wp-json\/wp\/v2\/posts\/1487","targetHints":{"allow":["GET"]}}],"collection":[{"href":"https:\/\/ekosspiritus.hr\/index.php\/wp-json\/wp\/v2\/posts"}],"about":[{"href":"https:\/\/ekosspiritus.hr\/index.php\/wp-json\/wp\/v2\/types\/post"}],"author":[{"embeddable":true,"href":"https:\/\/ekosspiritus.hr\/index.php\/wp-json\/wp\/v2\/users\/2"}],"replies":[{"embeddable":true,"href":"https:\/\/ekosspiritus.hr\/index.php\/wp-json\/wp\/v2\/comments?post=1487"}],"version-history":[{"count":1,"href":"https:\/\/ekosspiritus.hr\/index.php\/wp-json\/wp\/v2\/posts\/1487\/revisions"}],"predecessor-version":[{"id":1490,"href":"https:\/\/ekosspiritus.hr\/index.php\/wp-json\/wp\/v2\/posts\/1487\/revisions\/1490"}],"wp:attachment":[{"href":"https:\/\/ekosspiritus.hr\/index.php\/wp-json\/wp\/v2\/media?parent=1487"}],"wp:term":[{"taxonomy":"category","embeddable":true,"href":"https:\/\/ekosspiritus.hr\/index.php\/wp-json\/wp\/v2\/categories?post=1487"},{"taxonomy":"post_tag","embeddable":true,"href":"https:\/\/ekosspiritus.hr\/index.php\/wp-json\/wp\/v2\/tags?post=1487"}],"curies":[{"name":"wp","href":"https:\/\/api.w.org\/{rel}","templated":true}]}}