{"id":1582,"date":"2022-02-22T15:02:28","date_gmt":"2022-02-22T15:02:28","guid":{"rendered":"https:\/\/ekosspiritus.hr\/?p=1582"},"modified":"2022-03-12T19:45:50","modified_gmt":"2022-03-12T19:45:50","slug":"klanjanje-na-cerini-11-12-ozujak-2022","status":"publish","type":"post","link":"https:\/\/ekosspiritus.hr\/index.php\/2022\/02\/22\/klanjanje-na-cerini-11-12-ozujak-2022\/","title":{"rendered":"KLANJANJE NA CERINI 11.\/12. o\u017eujak 2022."},"content":{"rendered":"\n<p>Dragi prijatelji!<\/p>\n\n\n\n<p>Davno smo uveli obi\u010daj da 24 sata u jednoj godini potpuno posvetimo Gospodinu. Radimo to kao \u010dlanovi i podupiratelji udruge Ekosspiritus u svim njezinim ograncima, kao zahvalni planinari, sakuplja\u010di starina i drevnih mudrosti, kao tra\u017eitelji duhovnosti. \u017divimo u opasnom pandemijskom vremenu. Snaga i stabilnost koja dolazi od Gospodina nikad nam nije bila va\u017enija.<\/p>\n\n\n\n<p>Na\u0161u molitvu zapo\u010dinjemo i na posebnu obljetnicu za Zagreba\u010dku nadbiskupiju: 20 godina od smrti Sluge Bo\u017ejega kardinala Franje Kuhari\u0107a, nadbiskupa metropolite zagreba\u010dkog. Taj hrvatski kardinal ro\u0111en je kao najmla\u0111e, trinaesto, dijete u siroma\u0161noj ratarskoj obitelji u prigorskom selu Gornjem Pribi\u0107u u Op\u0107ini Kra\u0161i\u0107 15. travnja 1919. godine. Za sve\u0107enika je zare\u0111en u zagreba\u010dkoj katedrali 1945. godine, kada je nadbiskup Alojzije Stepinac mladim sve\u0107enicima izrekao poznatu re\u010denicu: &#8220;\u0160aljem vas u krvavu kupelj&#8221;. Djelovao je u nekoliko \u017eupa u okolici na\u0161e Cerine: Rakov Potok, Sveti Martin pod Oki\u0107em, Samobor. Za vrijeme komunisti\u010dkih progona pre\u017eivio je vi\u0161e atentata i napada.<\/p>\n\n\n\n<p>U Domovinskom ratu podupirao je obranu Hrvatske u\u010destalo pozivaju\u0107i na dr\u017eanje moralnih na\u010dela i \u010disto\u0107e ratovanja. Dobio je po\u010dasni doktorat zagreba\u010dkog sveu\u010dili\u0161ta i progla\u0161en po\u010dasnim akademikom Hrvatske akademija znanosti i umjetnosti. Bio je doma\u0107in pape Ivana Pavla II. za njegova posjeta Hrvatskoj 1994. godine. Umro je 11. o\u017eujka 2002. godine u Zagrebu. 2012. godine su iz Zagreba\u010dke nadbiskupije najavili da \u0107e se pokrenuti postupak za njegovo progla\u0161enjem bla\u017eenim.<\/p>\n\n\n\n<p>Kao vjernici i ljubitelji planina pozivamo vas da razmislite nad njegovim rije\u010dima i u njima osjetite poticaj da nam se i ove godine pridru\u017eite na 24-satnom klanjanju na Cerini:<\/p>\n\n\n\n<p>&#8220;Kad se planine gledaju iz daljine ne vidi se sve bogatstvo njihove ljepote. Ali kad se u\u0111e u njih onda se vidi sva razli\u010ditost vidika, o\u010dituju se vrhunci, vide se doline, i otkriva se bogatstvo planinskih vijenaca. Sli\u010dno se doga\u0111a i s Bo\u017ejim \u010dovjekom. Ako ga gledamo iz daljine bilo vremenske, bilo prostorne, ne do\u017eivljavamo bogatstvo njegove du\u0161e. Ali kad se u\u0111e u otajstvo du\u0161e, otkriva se bogatstvo milosti.&#8221; (Franjo Kuhari\u0107)<\/p>\n\n\n\n<p>*<\/p>\n\n\n\n<p>Sve\u0107enik \u0107e Presveto izlo\u017eiti u ku\u0107noj kapeli sv. Izidora Seljaka u petak, 11. o\u017eujka 2022. godine od 16:00 sati. Nakon toga izmjenjivat \u0107emo se u molitvi kroz 24 sata, stalno paze\u0107i jedni na druge: vodimo ra\u010duna o razmaku, obaveznom no\u0161enju za\u0161titne&nbsp; maske, ograni\u010denom broju ljudi koji mogu odjednom biti u kapeli.<\/p>\n\n\n\n<p>Svatko je pozvan uklju\u010diti se uz osobnu molitvu i razmatranje, \u010ditanje Svetog pisma (dostupno u kapeli) i meditaciju u prisustvu \u017eivoga Boga. Do\u0111ite sa svojim nakanama, uklju\u010dite nadanja Sluge Bo\u017ejega Franje Kuhari\u0107a za na\u0161u Domovinu, a sjetite se i planova udruge Ekosspiritus za godinu koju zapo\u010dinjemo.<\/p>\n\n\n\n<p>Prijave i rezervacija termina se primaju na mail: <a href=\"mailto:katarina.pucar@gmail.com\">katarina.pucar@gmail.com<\/a>&nbsp;<\/p>\n\n\n\n<p>Popis slobodnih termina koji \u0107e se redovito a\u017eurirati pogledajte ovdje na stranici.<\/p>\n\n\n\n<p>Klanjanje \u0107emo zavr\u0161iti euharistijskim slavljem u 16:00 sati.<\/p>\n\n\n\n<p>Raspored:<\/p>\n\n\n\n<p>Petak, 11. o\u017eujka 2022.<\/p>\n\n\n\n<p>16:00 \u2013 17:00 Katarina Pu\u010dar <\/p>\n\n\n\n<p>17:00 \u2013 18:00 <\/p>\n\n\n\n<p>18:00 \u2013 19:00 Danijel i Mario<\/p>\n\n\n\n<p>19:00 \u2013 20:00 Stjepan Petek<\/p>\n\n\n\n<p>20:00 \u2013 21:00 \u010clanovi udruge sv. Izidora<\/p>\n\n\n\n<p>21:00 \u2013 22:00 Danijela Ton\u010di\u0107 i Vesna Tomac<\/p>\n\n\n\n<p>22:00 \u2013 23:00 Ivan \u0160estak<\/p>\n\n\n\n<p>23:00 \u2013 24:00 Lovorka i Vedran<\/p>\n\n\n\n<p>Subota, 12. o\u017eujka 2022.<\/p>\n\n\n\n<p>00:00 \u2013 01:00 Margareta Kovacevic<\/p>\n\n\n\n<p>01:00 \u2013 02:00 Ivana Ramljak<\/p>\n\n\n\n<p>02:00 \u2013 03:00 Ivan Bri\u0161ki<\/p>\n\n\n\n<p>03:00 \u2013 04:00 Nikola Kuzmi\u010di\u0107<\/p>\n\n\n\n<p>04:00 \u2013 05:00 Mihovil Frater<\/p>\n\n\n\n<p>05:00 \u2013 06:00 Mario Kurtovi\u0107<\/p>\n\n\n\n<p>06:00 \u2013 07:00 \u017deljka Mikuljan<\/p>\n\n\n\n<p>07:00 \u2013 08:00 Sara i Franjo Razum<\/p>\n\n\n\n<p>08:00 \u2013 09:00 Gabrijela Po\u017egaj<\/p>\n\n\n\n<p>09:00 \u2013 10:00 Radovan Libri\u0107 <\/p>\n\n\n\n<p>10:00 \u2013 11:00 Silvija Ivir<\/p>\n\n\n\n<p>11:00 \u2013 12:00 \u017deljka Juri\u0107<\/p>\n\n\n\n<p>12:00 \u2013 13:00 Karmela Brki\u0107<\/p>\n\n\n\n<p>13:00 \u2013 14:00 Tanja Joki\u0107 Perkovi\u0107<\/p>\n\n\n\n<p>14:00 \u2013 15:00 Ana Kova\u010di\u0107<\/p>\n\n\n\n<p>15:00 \u2013 16:00 Silvija Andri\u0161evi\u0107<\/p>\n","protected":false},"excerpt":{"rendered":"<p>Dragi prijatelji! Davno smo uveli obi\u010daj da 24 sata u jednoj godini potpuno posvetimo Gospodinu. Radimo to kao \u010dlanovi i podupiratelji udruge Ekosspiritus u svim njezinim ograncima, kao zahvalni planinari, sakuplja\u010di starina<a class=\"moretag\" href=\"https:\/\/ekosspiritus.hr\/index.php\/2022\/02\/22\/klanjanje-na-cerini-11-12-ozujak-2022\/\">Read More&#8230;<\/a><\/p>\n","protected":false},"author":2,"featured_media":0,"comment_status":"closed","ping_status":"open","sticky":false,"template":"","format":"standard","meta":{"footnotes":""},"categories":[1],"tags":[],"class_list":["post-1582","post","type-post","status-publish","format-standard","hentry","category-ekosspiritus"],"_links":{"self":[{"href":"https:\/\/ekosspiritus.hr\/index.php\/wp-json\/wp\/v2\/posts\/1582","targetHints":{"allow":["GET"]}}],"collection":[{"href":"https:\/\/ekosspiritus.hr\/index.php\/wp-json\/wp\/v2\/posts"}],"about":[{"href":"https:\/\/ekosspiritus.hr\/index.php\/wp-json\/wp\/v2\/types\/post"}],"author":[{"embeddable":true,"href":"https:\/\/ekosspiritus.hr\/index.php\/wp-json\/wp\/v2\/users\/2"}],"replies":[{"embeddable":true,"href":"https:\/\/ekosspiritus.hr\/index.php\/wp-json\/wp\/v2\/comments?post=1582"}],"version-history":[{"count":22,"href":"https:\/\/ekosspiritus.hr\/index.php\/wp-json\/wp\/v2\/posts\/1582\/revisions"}],"predecessor-version":[{"id":1615,"href":"https:\/\/ekosspiritus.hr\/index.php\/wp-json\/wp\/v2\/posts\/1582\/revisions\/1615"}],"wp:attachment":[{"href":"https:\/\/ekosspiritus.hr\/index.php\/wp-json\/wp\/v2\/media?parent=1582"}],"wp:term":[{"taxonomy":"category","embeddable":true,"href":"https:\/\/ekosspiritus.hr\/index.php\/wp-json\/wp\/v2\/categories?post=1582"},{"taxonomy":"post_tag","embeddable":true,"href":"https:\/\/ekosspiritus.hr\/index.php\/wp-json\/wp\/v2\/tags?post=1582"}],"curies":[{"name":"wp","href":"https:\/\/api.w.org\/{rel}","templated":true}]}}