{"id":1584,"date":"2022-02-22T15:08:40","date_gmt":"2022-02-22T15:08:40","guid":{"rendered":"https:\/\/ekosspiritus.hr\/?p=1584"},"modified":"2022-02-22T15:20:37","modified_gmt":"2022-02-22T15:20:37","slug":"proslava-sv-patrika-na-cerini-12-ozujak-2022","status":"publish","type":"post","link":"https:\/\/ekosspiritus.hr\/index.php\/2022\/02\/22\/proslava-sv-patrika-na-cerini-12-ozujak-2022\/","title":{"rendered":"PROSLAVA SV. PATRIKA NA CERINI 12. o\u017eujak 2022."},"content":{"rendered":"\n<p>17. o\u017eujka cijeli svijet \u0107e slaviti sv. Patrika, za\u0161titnika Irske, in\u017eenjera, ljudi koji se boje zmija. I na\u0161e planinarsko dru\u0161tvo koje nosi ime toga sveca \u0107e u svojoj mati\u010dnoj ku\u0107i, Planinarskom domu \u201eCerinski vir\u201c, proslaviti taj spomendan nekoliko dana prije: u subotu, 12. o\u017eujka 2022. godine.\u00a0<\/p>\n\n\n\n<p>Pozivamo vas na euharistijsko slavlje koje \u0107e biti u ku\u0107noj kapeli sv. Izidora Seljaka u subotu u 16:00 sati. To je zavr\u0161etak na\u0161eg tradicionalnog 24-satnog klanjanja na Cerini. Nakon mise bit \u0107e predstavljanje godi\u0161njeg plana Dru\u0161tva za 2022. godinu. Govorit \u0107emo o izletima, aktivnostima i projektima za ovu godinu.<\/p>\n\n\n\n<p>Zavr\u0161it \u0107emo s dru\u017eenjem uz ve\u010deru. Kako bi vas sve mogli ugostiti, lijepo molimo da svoj dolazak na ve\u010deru najavite na mail: <a href=\"mailto:katarina.pucar@gmail.com\">katarina.pucar@gmail.com<\/a>. Najavite se odmah, te\u017ee \u0107ete se poslije predomisliti. Pozovite i prijatelje.<\/p>\n\n\n\n<p>Tko do\u0111e obu\u010den u ne\u0161to zelene boje, dobit \u0107e nagradu. \ud83d\ude42 <\/p>\n\n\n\n<p>Radosno vas o\u010dekujemo!<\/p>\n","protected":false},"excerpt":{"rendered":"<p>17. o\u017eujka cijeli svijet \u0107e slaviti sv. Patrika, za\u0161titnika Irske, in\u017eenjera, ljudi koji se boje zmija. I na\u0161e planinarsko dru\u0161tvo koje nosi ime toga sveca \u0107e u svojoj mati\u010dnoj ku\u0107i, Planinarskom domu<a class=\"moretag\" href=\"https:\/\/ekosspiritus.hr\/index.php\/2022\/02\/22\/proslava-sv-patrika-na-cerini-12-ozujak-2022\/\">Read More&#8230;<\/a><\/p>\n","protected":false},"author":2,"featured_media":0,"comment_status":"closed","ping_status":"open","sticky":false,"template":"","format":"standard","meta":{"footnotes":""},"categories":[1],"tags":[],"class_list":["post-1584","post","type-post","status-publish","format-standard","hentry","category-ekosspiritus"],"_links":{"self":[{"href":"https:\/\/ekosspiritus.hr\/index.php\/wp-json\/wp\/v2\/posts\/1584","targetHints":{"allow":["GET"]}}],"collection":[{"href":"https:\/\/ekosspiritus.hr\/index.php\/wp-json\/wp\/v2\/posts"}],"about":[{"href":"https:\/\/ekosspiritus.hr\/index.php\/wp-json\/wp\/v2\/types\/post"}],"author":[{"embeddable":true,"href":"https:\/\/ekosspiritus.hr\/index.php\/wp-json\/wp\/v2\/users\/2"}],"replies":[{"embeddable":true,"href":"https:\/\/ekosspiritus.hr\/index.php\/wp-json\/wp\/v2\/comments?post=1584"}],"version-history":[{"count":2,"href":"https:\/\/ekosspiritus.hr\/index.php\/wp-json\/wp\/v2\/posts\/1584\/revisions"}],"predecessor-version":[{"id":1586,"href":"https:\/\/ekosspiritus.hr\/index.php\/wp-json\/wp\/v2\/posts\/1584\/revisions\/1586"}],"wp:attachment":[{"href":"https:\/\/ekosspiritus.hr\/index.php\/wp-json\/wp\/v2\/media?parent=1584"}],"wp:term":[{"taxonomy":"category","embeddable":true,"href":"https:\/\/ekosspiritus.hr\/index.php\/wp-json\/wp\/v2\/categories?post=1584"},{"taxonomy":"post_tag","embeddable":true,"href":"https:\/\/ekosspiritus.hr\/index.php\/wp-json\/wp\/v2\/tags?post=1584"}],"curies":[{"name":"wp","href":"https:\/\/api.w.org\/{rel}","templated":true}]}}