{"id":1617,"date":"2022-03-30T18:40:44","date_gmt":"2022-03-30T18:40:44","guid":{"rendered":"https:\/\/ekosspiritus.hr\/?p=1617"},"modified":"2022-03-30T18:40:47","modified_gmt":"2022-03-30T18:40:47","slug":"informacije-za-sudionike-69-planinarskog-kriznog-puta","status":"publish","type":"post","link":"https:\/\/ekosspiritus.hr\/index.php\/2022\/03\/30\/informacije-za-sudionike-69-planinarskog-kriznog-puta\/","title":{"rendered":"INFORMACIJE za sudionike 69. Planinarskog kri\u017enog puta"},"content":{"rendered":"\n<p>Subota 2. travnja, Marija Bistrica<\/p>\n\n\n\n<p>Dragi sudionici!<\/p>\n\n\n\n<p>Prijaviti \u0107ete se na prvoj postaji u crkvi na otvorenom u Mariji Bistrici. Prijava podrazumijeva ispunjenu prijavnicu (preuzmite je ovdje sa stranice) i uplatu kotizacije od 40 kuna za one koji to jo\u0161 nisu u\u010dinili.<\/p>\n\n\n\n<p>Polazak je u 8:15 sati.<\/p>\n\n\n\n<p>Nema organiziranog doru\u010dka ujutro, ali je organiziran ru\u010dak (gula\u0161) nakon hoda. Za ru\u010dak mo\u017eete uzeti zdjelicu i \u017elicu.<\/p>\n\n\n\n<p>Nakon zavr\u0161ne mise (oko 14.00 sati) koju \u0107e predvoditi rektor Sveti\u0161ta, vl\u010d. Domagoj Mato\u0161evi\u0107, zajedno \u0107emo blagovati.<\/p>\n\n\n\n<p>Slijedi kra\u0107i odmor, a zatim \u0107emo se okupiti na klanjanje u Bazilici. Program \u0107e voditi vjerou\u010diteljica Katarina Pu\u010dar.<\/p>\n\n\n\n<p>Na kraju susreta svi \u0107emo sudjelovati u promociji knjige &#8220;Kamen po kamen&#8221; vjerou\u010ditelja Nikole Kuzmi\u010di\u0107a.<\/p>\n\n\n\n<p>Autobus \u0107e pro\u0107i slijede\u0107om trasom:<\/p>\n\n\n\n<p>Samobor (gara\u017ea Dobri\u0161e Cesari\u0107a) u 5:30h, Galgovo u 5:45h, Klin\u010da Sela u 6:00h, Sveu\u010dili\u0161na biblioteka u 6:30h (parkirali\u0161te iza zgrade), Sesvete u 7:00h (autobusna stanica u smjeru Ka\u0161ine). U autobus ulaze svi koji su rezervirali svoje mjesto u autobusu.<\/p>\n\n\n\n<p>Nemojte kasniti na autobus.<\/p>\n\n\n\n<p>Preuzeti mo\u017eete i tekst postaja kri\u017enog puta koje \u0107e se moliti tijekom hoda. <\/p>\n\n\n\n<p>Radosno vas o\u010dekujemo! <\/p>\n\n\n\n<div class=\"wp-block-media-text alignwide is-stacked-on-mobile\"><figure class=\"wp-block-media-text__media\"><\/figure><div class=\"wp-block-media-text__content\">\n<p class=\"has-large-font-size\"><\/p>\n<\/div><\/div>\n\n\n\n<div class=\"wp-block-file\"><a href=\"https:\/\/ekosspiritus.hr\/wp-content\/uploads\/2022\/03\/69-PKP-Prijavnica.doc\">69-PKP-Prijavnica<\/a><a href=\"https:\/\/ekosspiritus.hr\/wp-content\/uploads\/2022\/03\/69-PKP-Prijavnica.doc\" class=\"wp-block-file__button\" download>Download<\/a><\/div>\n\n\n\n<div class=\"wp-block-file\"><a href=\"https:\/\/ekosspiritus.hr\/wp-content\/uploads\/2022\/03\/Krizni-put-s-Marijom.docx\">Krizni-put-s-Marijom<\/a><a href=\"https:\/\/ekosspiritus.hr\/wp-content\/uploads\/2022\/03\/Krizni-put-s-Marijom.docx\" class=\"wp-block-file__button\" download>Download<\/a><\/div>\n\n\n\n<figure class=\"wp-block-gallery columns-0 is-cropped wp-block-gallery-1 is-layout-flex wp-block-gallery-is-layout-flex\"><ul class=\"blocks-gallery-grid\"><\/ul><\/figure>\n","protected":false},"excerpt":{"rendered":"<p>Subota 2. travnja, Marija Bistrica Dragi sudionici! Prijaviti \u0107ete se na prvoj postaji u crkvi na otvorenom u Mariji Bistrici. Prijava podrazumijeva ispunjenu prijavnicu (preuzmite je ovdje sa stranice) i uplatu kotizacije<a class=\"moretag\" href=\"https:\/\/ekosspiritus.hr\/index.php\/2022\/03\/30\/informacije-za-sudionike-69-planinarskog-kriznog-puta\/\">Read More&#8230;<\/a><\/p>\n","protected":false},"author":2,"featured_media":0,"comment_status":"closed","ping_status":"open","sticky":false,"template":"","format":"standard","meta":{"footnotes":""},"categories":[1],"tags":[],"class_list":["post-1617","post","type-post","status-publish","format-standard","hentry","category-ekosspiritus"],"_links":{"self":[{"href":"https:\/\/ekosspiritus.hr\/index.php\/wp-json\/wp\/v2\/posts\/1617","targetHints":{"allow":["GET"]}}],"collection":[{"href":"https:\/\/ekosspiritus.hr\/index.php\/wp-json\/wp\/v2\/posts"}],"about":[{"href":"https:\/\/ekosspiritus.hr\/index.php\/wp-json\/wp\/v2\/types\/post"}],"author":[{"embeddable":true,"href":"https:\/\/ekosspiritus.hr\/index.php\/wp-json\/wp\/v2\/users\/2"}],"replies":[{"embeddable":true,"href":"https:\/\/ekosspiritus.hr\/index.php\/wp-json\/wp\/v2\/comments?post=1617"}],"version-history":[{"count":1,"href":"https:\/\/ekosspiritus.hr\/index.php\/wp-json\/wp\/v2\/posts\/1617\/revisions"}],"predecessor-version":[{"id":1619,"href":"https:\/\/ekosspiritus.hr\/index.php\/wp-json\/wp\/v2\/posts\/1617\/revisions\/1619"}],"wp:attachment":[{"href":"https:\/\/ekosspiritus.hr\/index.php\/wp-json\/wp\/v2\/media?parent=1617"}],"wp:term":[{"taxonomy":"category","embeddable":true,"href":"https:\/\/ekosspiritus.hr\/index.php\/wp-json\/wp\/v2\/categories?post=1617"},{"taxonomy":"post_tag","embeddable":true,"href":"https:\/\/ekosspiritus.hr\/index.php\/wp-json\/wp\/v2\/tags?post=1617"}],"curies":[{"name":"wp","href":"https:\/\/api.w.org\/{rel}","templated":true}]}}