{"id":1627,"date":"2022-05-10T09:19:17","date_gmt":"2022-05-10T09:19:17","guid":{"rendered":"https:\/\/ekosspiritus.hr\/?p=1627"},"modified":"2022-05-10T09:19:20","modified_gmt":"2022-05-10T09:19:20","slug":"najavljujemo-ljetni-kamp-na-velebitu-2","status":"publish","type":"post","link":"https:\/\/ekosspiritus.hr\/index.php\/2022\/05\/10\/najavljujemo-ljetni-kamp-na-velebitu-2\/","title":{"rendered":"NAJAVLJUJEMO: Ljetni kamp na Velebitu"},"content":{"rendered":"\n<p>Dragi prijatelji!<br>Najavljujemo LJETNI KAMP NA VELEBITU HPDa Sv. Patrika koji \u0107e se odr\u017eati 25. \u2013 29. srpnja 2022. godine (ponedjeljak \u2013 petak).<\/p>\n\n\n\n<p>\u201eOno \u0161to je Olimp Grcima, Mont Blanc Europljanima, Fuji Japancima, Kilas Indijcima i Tibetancima, to je Velebit Hrvatima.\u201c (Tomo Vin\u0161\u0107ak)<\/p>\n\n\n\n<p>Kao \u0161to je dugogodi\u0161nja tradicija na\u0161ega dru\u0161tva okupit \u0107emo se tjedan dana u Nacionalnom parku Sjeverni Velebit kako bi zajedno planinarili, dru\u017eili se i upoznavali \u2013 i me\u0111usobno i s ovom misti\u010dnom planinom, a ponudit \u0107emo i duhovni kr\u0161\u0107anski sadr\u017eaj.<br>Bit \u0107emo smje\u0161teni u Planinarskom domu Zavi\u017ean gdje je no\u0107enje u zajedni\u010dkim spavaonicama, u krevetima na kat, s osiguranom posteljinom. Svaki dan \u0107emo imati doru\u010dak, skromni ru\u010dak u planini i toplu kuhanu ve\u010deru (s nama \u0107e biti kuharica).<br>Dnevni hod ne\u0107e biti zahtjevan. Dionice \u0107emo planirati u skladu s vremenskom prognozom, ali plan je obi\u0107i vrhove u okolici planinarskog doma i hodati dijelovima Premu\u017ei\u0107eve staze.<br>Dolazak je osobnim automobilima, s tim da ako bude vi\u0161e zainteresiranih za organizirani prijevoz, mo\u017ee se ponuditi prijevoz kombijem.<br>Sudionici moraju biti \u010dlanovi planinarskog dru\u0161tva (ako niste nigdje u\u010dlanjeni, pridru\u017eit \u0107ete se HPD Sv. Patrik).<br>Prijaviti se mogu ljudi u dobrom psihofizi\u010dkom stanju koji su se spremni dr\u017eati uputa organizatora.<br>Cijena \u0107e biti formirana prema broju prijavljenih sudionika.<br>Informacije i prijave ( koje primamo dok se ne popuni kapacitet ku\u0107e) na: katarina.pucar@gmail.com<\/p>\n\n\n\n<p>Radosno vas i\u0161\u010dekujemo!<\/p>\n","protected":false},"excerpt":{"rendered":"<p>Dragi prijatelji!Najavljujemo LJETNI KAMP NA VELEBITU HPDa Sv. Patrika koji \u0107e se odr\u017eati 25. \u2013 29. srpnja 2022. godine (ponedjeljak \u2013 petak). \u201eOno \u0161to je Olimp Grcima, Mont Blanc Europljanima, Fuji Japancima,<a class=\"moretag\" href=\"https:\/\/ekosspiritus.hr\/index.php\/2022\/05\/10\/najavljujemo-ljetni-kamp-na-velebitu-2\/\">Read More&#8230;<\/a><\/p>\n","protected":false},"author":2,"featured_media":0,"comment_status":"closed","ping_status":"open","sticky":false,"template":"","format":"standard","meta":{"footnotes":""},"categories":[1],"tags":[],"class_list":["post-1627","post","type-post","status-publish","format-standard","hentry","category-ekosspiritus"],"_links":{"self":[{"href":"https:\/\/ekosspiritus.hr\/index.php\/wp-json\/wp\/v2\/posts\/1627","targetHints":{"allow":["GET"]}}],"collection":[{"href":"https:\/\/ekosspiritus.hr\/index.php\/wp-json\/wp\/v2\/posts"}],"about":[{"href":"https:\/\/ekosspiritus.hr\/index.php\/wp-json\/wp\/v2\/types\/post"}],"author":[{"embeddable":true,"href":"https:\/\/ekosspiritus.hr\/index.php\/wp-json\/wp\/v2\/users\/2"}],"replies":[{"embeddable":true,"href":"https:\/\/ekosspiritus.hr\/index.php\/wp-json\/wp\/v2\/comments?post=1627"}],"version-history":[{"count":1,"href":"https:\/\/ekosspiritus.hr\/index.php\/wp-json\/wp\/v2\/posts\/1627\/revisions"}],"predecessor-version":[{"id":1628,"href":"https:\/\/ekosspiritus.hr\/index.php\/wp-json\/wp\/v2\/posts\/1627\/revisions\/1628"}],"wp:attachment":[{"href":"https:\/\/ekosspiritus.hr\/index.php\/wp-json\/wp\/v2\/media?parent=1627"}],"wp:term":[{"taxonomy":"category","embeddable":true,"href":"https:\/\/ekosspiritus.hr\/index.php\/wp-json\/wp\/v2\/categories?post=1627"},{"taxonomy":"post_tag","embeddable":true,"href":"https:\/\/ekosspiritus.hr\/index.php\/wp-json\/wp\/v2\/tags?post=1627"}],"curies":[{"name":"wp","href":"https:\/\/api.w.org\/{rel}","templated":true}]}}