{"id":1630,"date":"2022-05-28T09:58:10","date_gmt":"2022-05-28T09:58:10","guid":{"rendered":"https:\/\/ekosspiritus.hr\/?p=1630"},"modified":"2022-05-28T11:48:23","modified_gmt":"2022-05-28T11:48:23","slug":"bratovstina-sv-jakova-u-spanjolskoj","status":"publish","type":"post","link":"https:\/\/ekosspiritus.hr\/index.php\/2022\/05\/28\/bratovstina-sv-jakova-u-spanjolskoj\/","title":{"rendered":"Bratov\u0161tina Sv. Jakova u \u0160panjolskoj"},"content":{"rendered":"\n<p>Uvijek prekrasna i plodonosna putovanja na daleke destinacije koja puno zna\u010de u gra\u0111enju zajedni\u0161tva udruge ponovno smo revitalizirali odlaze\u0107i u \u0160panjolsku. Bilo je to hodo\u010da\u0161\u0107e, evangelizacijski put i turisti\u010dko istra\u017eivanje. \u010clanovi Bratov\u0161tine sv. Jakova, koja djeluje unutar udruge Ekosspiritus iz Samobora, pozvani su u Santiago de Compostelu od strane Nadbratov\u0161tine sv. Jakova povodom sve\u010danosti u prigodi blagdana Ukazanja sv. Jakova, za\u0161titnika \u0160panjolske. Putovali smo 21. \u2013 25. svibnja u skupini od 17 osoba. \u010cetrnaest punoljetnih i tri maloljetna putnika. Sedam \u017eenskih i deset mu\u0161kih putnika. Jedan sve\u0107enik i \u0161esnaest laika.<br>Krenuli smo prvim letom prema Bruxellesu, gdje nam je du\u017ee \u010dekanje na transfer omogu\u0107ilo razgled grada. Pro\u0161etali smo po centru i posjetili katedralu sv. Mihaela i sv. Gudula. Vanjskim izgledom pomalo podsje\u0107a na pari\u0161ki Notre Dame, a unutra se nalaze fotografije koje podsje\u0107aju kako je upravo to mjesto gdje se odvijaju vjen\u010danja belgijske kraljevske obitelji. Pogled privla\u010de rasko\u0161ni vitraji i mno\u0161tvo zanimljivih oltara.<br>Kasno nave\u010der smo sljede\u0107im letom stigli u Santiago de Compostela, glavni grad Galicije i cilj hodo\u010dasni\u010dkih puteva Europe. Ve\u0107ina nas se smje\u0161ta u hostelu Albergue Seminario Menor koji apsolutno mo\u017eemo preporu\u010diti svima. Rije\u010d je o veli\u010danstvenoj staroj zgradi koja dominira na bre\u017euljku na kojem je sagra\u0111ena i protkana je povije\u0161\u0107u: kako onom davnom dok su njenim hodnicima promicali bogoslovi i redovnici, tako i ovom dana\u0161njom kada su tamo hodo\u010dasnici.<br>U nedjelju smo se okupili na sve\u010danu hodo\u010dasni\u010dku misu u katedralu sv. Jakova u kojem se nalaze posmrtni ostaci Jakova Starijeg, jednog od odabranih Isusovih apostola. Euharistiju je predvodio nadbiskup Santiaga de Compostele mons. Julian Barrio, koji \u0107e kasnije i primiti izaslanstvo Bratov\u0161tine u kra\u0107i razgovor i udijeliti nam svoj blagoslov. Katedrala sagra\u0111ena uglavnom od granita \u0107e vas odu\u0161eviti svojom uklopljeno\u0161\u0107u u stari dio grada i povijesnim zna\u010dajem koji predstavlja. Ovdje to\u010dno mo\u017eete zamisliti kako je ovo mjesto stolje\u0107ima utjecalo na duh Europe dok su prema njoj hrlili hodo\u010dasnici iz vjerskih razloga, ali i slikari, klesari, kipari, tesari, pjesnici, trgovci, pripovjeda\u010di \u2013 razvijala se arhitektura, glazba, pjesni\u0161tvo i knji\u017eevnost. Nije ni \u010dudno da je Vije\u0107e Europe 1987. godine dodijelilo titulu &#8220;Glavne ulice Europe&#8221;, a UNESCO za\u0161titio kao svjetsku kulturnu ba\u0161tinu.<br>Kada do\u0111ete u Santiago svakako preporu\u010damo da za 20 eura obi\u0111ete veli\u010danstveni katedralni muzej s ogromnim bogatstvom predmeta koji svjedo\u010de o povijesnom razvitku mjesta, a razgled uklju\u010duje i upoznavanje rada majstora Matea, koji je u 12. stolje\u0107u napravio portal iznad vrata (P\u00f3rtico de la Gloria) koja postaju jubilarna svake godine kada blagdan sv. Jakova 25. srpnja pada na nedjelju. Papinskom bulom to je odobreno u 12. stolje\u0107u i time ovo sveti\u0161te uzdiglo na isti rang kao Rim i Jeruzalem. Razgled portala je uklju\u010den u cijenu ulaznice i dugo \u0107ete ostati u promatranju kipova svetaca i glazbenika koji svjedo\u010de o talentu i viziji starih majstora.<br>Kao vrhunac ponude uzdi\u0107i \u0107ete se u visine i uz pratnju vodi\u010da do\u0107i na krovove katedrale. To je posve nova vizura i gra\u0111evine i cijeloga mjesta, kada sve odjednom promatrate iz pti\u010dje perspektive. Program uklju\u010duje i uspon na toranj Carraca, gdje se nalazi lik Zebedeja, Jakovljevog oca. Parni toranj je ukra\u0161en likom sv. Marije Salome, njegove majke.<br>Drugi muzej koji je vrijedno obi\u0107i je Muzej hodo\u010dasnika, u koji je ulaz besplatan, a upoznat \u0107e vas s likom povijesnog pelegrina, hodo\u010dasnika: putnika u \u010dvrstim cipelama, sa \u0161tapom s vrhom okovanim \u017eeljezom koji je slu\u017eio i kao oru\u017eje za obranu i kukom na vrhu kojim se mogli skinuti plodove s vo\u0107aka na putu i nositi tikvica sa zalihom vode ili vina. Na glavi je bio \u0161e\u0161ir, nosila se i torba, a sve se ogrtalo dugim obrta\u010dem \u2013 pelerinom. Stra\u017earili su pripadnici reda vitezova sv. Jakova koji su osiguravali opasne puteve i \u010duvali sigurnost putnika kako bi oni sretno stigli na svoje odredi\u0161te.<br>Slu\u017ebeni dio puta uklju\u010divao je sastanke na kojima je izaslanstvo Bratov\u0161tine predstavilo njen rad direkciji fundacije Jacobeo koja djeluje pri regionalnoj vladi Galicije. Izuzetna nam je \u010dast \u0161to je na\u0161a Bratov\u0161tina pozvana me\u0111u uski krug suosniva\u010da Europske federacije Camino udruga.<br>Direktorica fundacije g\u0111a. Cecilia Pereira iskazala je veliko zanimanje za detalje hrvatske Camino rute i dogovorena je suradnja na razvoju i promociji Camino ba\u0161tine kao zajedni\u010dkog europskog naslije\u0111a. Prezentirali smo detalje projekta Camino Hrvatska, s ve\u0107 zavr\u0161enim dionicama Camino Imota, Camino Krk, Camino Podravina te novom dionicom Camino \u0160ibenik. Na sastanku s gospodinom Franciscom Dur\u00e1nom, predsjednikom Nadbratov\u0161tine sv. Jakova, predstavljena je hrvatska Camino ba\u0161tina i izra\u017eeno je zadovoljstvo dosada\u0161njom suradnjom te su dogovorene jo\u0161 intenzivnije zajedni\u010dke aktivnosti.<br>Vrhunac putovanja bio je trenutak kada su \u010dlanovi hrvatske Bratov\u0161tine obukli svoja sve\u010dana odijela, koja je u mu\u0161koj i \u017eenskoj verziji sa\u0161ila Lidija Momi\u0107. Na po\u010dasnim mjestima smo sudjelovali na misnom slavlju koje je predvodio don Jos\u00e9 Fern\u00e1ndez Lago, rektor sveti\u0161ta. Pozdravljaju\u0107i sve okupljene hodo\u010dasnike na razli\u010ditim jezicima, posebno je istaknuo nazo\u010dnost hrvatskih hodo\u010dasnika. Predvodili smo zazivnu molitvu, kao jedna od rijetkih bratov\u0161tina izvan \u0160panjolske kojoj je iskazana \u010dast da predvodi tu tradicionalnu ceremoniju. Tekst su napisali vjerou\u010diteljica Katarina Pu\u010dar i msgr. Nedjeljko Pintari\u0107, a na \u0161panjolskom jeziku ju je pro\u010ditao tajnik Bratov\u0161tine Vedran Pra\u017een. U homiliji nakon molitve rektor sveti\u0161ta don Jose nastavio je progovarati o temama i simbolima koji su istaknuti u zazivnoj molitvi: \u0161koljka, hodo\u010dasni\u010dki \u0161tap i kadionica. Na sastancima i sve\u010danosti sudjelovali su i predsjednik Bratov\u0161tine Ante Bla\u017eevi\u0107 i dopredsjednica Zorana Mlikota.<br>Taj je blagdan jedna od rijetkih prigoda kada se koristi velika kadionica \u201eBotafumeiro\u201c, po kojoj je poznata katedrala u Santiago de Composteli, pa smo i taj sve\u010dani trenutak mogli do\u017eivjeti doslovno iz prvog reda.<br>Izlazak u sve\u010danim odijelima na glavni trg ispred katedrale privukao je veliku pa\u017enju hodo\u010dasnika i mnogo \u0107e fotografija Hrvata oti\u0107i diljem svijeta\u2026<br>Misu na hrvatskom jeziku predvodio je sve\u0107enik koji je putovao s nama, msgr. Nedjeljko Pintari\u0107, u kapeli pokraj mjesta gdje se izdaju Hodo\u010dasni\u010dka uvjerenja \u2013 Compostele za one koji su uspje\u0161no pro\u0161li put Sv. Jakova. Kako je misa bila unaprijed ogla\u0161ena, pridru\u017eili su se i neki Hrvati koji su se tada nalazili u gradu.<br>Osim posebnim hodo\u010dasni\u010dkim duhom, grad \u0107e vas odu\u0161eviti i svojim restoranima, slasti\u010darnama i suvenirnicama \u2013 sve \u0161to je modernom putniku potrebno. Nakon katedrale, otkrit \u0107ete i druge veli\u010danstvene crkve i kapele, ali i upoznati ga kao Sveu\u010dili\u0161ni grad s fakultetima, zanatskim radionicama i \u0161irokom ponudom odli\u010dnog vo\u0107a.<br>Tri dana koja smo proveli na tom mjestu djelovala su mnogo du\u017ea zbog mno\u0161tva sadr\u017eaja i aktivnosti, a povratak smo imali preko turisti\u010dkog grada na obali Sredozemnog mora \u2013 Malage. Zadr\u017eali smo se u centru kojim dominira katedrala, a na svakom koraku primje\u0107uje se ponos na dva najpoznatija stanovnika iz tog mjesta: slikara Pabla Picassa i glumca Antonia Banderasa.<br>Kasno nave\u010der vratili smo se u Zagreb ponosni na ovo va\u017eno putovanje koje je obilovalo susretima, u\u010denjem i rado\u0161\u0107u. Rad Bratov\u0161tine sv. Jakova, koji se naslanja na bogatu hrvatsku Camino tradiciju \u0161tovanja sv. Jakova stariju od 800 godina, nastavlja se i dalje.<\/p>\n\n\n\n<p>Fotografije s putovanja pogledajte na facebook stranici udruge. <\/p>\n","protected":false},"excerpt":{"rendered":"<p>Uvijek prekrasna i plodonosna putovanja na daleke destinacije koja puno zna\u010de u gra\u0111enju zajedni\u0161tva udruge ponovno smo revitalizirali odlaze\u0107i u \u0160panjolsku. Bilo je to hodo\u010da\u0161\u0107e, evangelizacijski put i turisti\u010dko istra\u017eivanje. \u010clanovi Bratov\u0161tine<a class=\"moretag\" href=\"https:\/\/ekosspiritus.hr\/index.php\/2022\/05\/28\/bratovstina-sv-jakova-u-spanjolskoj\/\">Read More&#8230;<\/a><\/p>\n","protected":false},"author":2,"featured_media":0,"comment_status":"closed","ping_status":"open","sticky":false,"template":"","format":"standard","meta":{"footnotes":""},"categories":[1],"tags":[],"class_list":["post-1630","post","type-post","status-publish","format-standard","hentry","category-ekosspiritus"],"_links":{"self":[{"href":"https:\/\/ekosspiritus.hr\/index.php\/wp-json\/wp\/v2\/posts\/1630","targetHints":{"allow":["GET"]}}],"collection":[{"href":"https:\/\/ekosspiritus.hr\/index.php\/wp-json\/wp\/v2\/posts"}],"about":[{"href":"https:\/\/ekosspiritus.hr\/index.php\/wp-json\/wp\/v2\/types\/post"}],"author":[{"embeddable":true,"href":"https:\/\/ekosspiritus.hr\/index.php\/wp-json\/wp\/v2\/users\/2"}],"replies":[{"embeddable":true,"href":"https:\/\/ekosspiritus.hr\/index.php\/wp-json\/wp\/v2\/comments?post=1630"}],"version-history":[{"count":3,"href":"https:\/\/ekosspiritus.hr\/index.php\/wp-json\/wp\/v2\/posts\/1630\/revisions"}],"predecessor-version":[{"id":1633,"href":"https:\/\/ekosspiritus.hr\/index.php\/wp-json\/wp\/v2\/posts\/1630\/revisions\/1633"}],"wp:attachment":[{"href":"https:\/\/ekosspiritus.hr\/index.php\/wp-json\/wp\/v2\/media?parent=1630"}],"wp:term":[{"taxonomy":"category","embeddable":true,"href":"https:\/\/ekosspiritus.hr\/index.php\/wp-json\/wp\/v2\/categories?post=1630"},{"taxonomy":"post_tag","embeddable":true,"href":"https:\/\/ekosspiritus.hr\/index.php\/wp-json\/wp\/v2\/tags?post=1630"}],"curies":[{"name":"wp","href":"https:\/\/api.w.org\/{rel}","templated":true}]}}