{"id":1642,"date":"2022-07-12T13:02:34","date_gmt":"2022-07-12T13:02:34","guid":{"rendered":"https:\/\/ekosspiritus.hr\/?p=1642"},"modified":"2022-07-12T13:02:38","modified_gmt":"2022-07-12T13:02:38","slug":"dogodilo-se-djecji-ljetni-planinarski-depak-kamp-na-cerini","status":"publish","type":"post","link":"https:\/\/ekosspiritus.hr\/index.php\/2022\/07\/12\/dogodilo-se-djecji-ljetni-planinarski-depak-kamp-na-cerini\/","title":{"rendered":"DOGODILO SE: Dje\u010dji ljetni planinarski\/DEPAK kamp na Cerini"},"content":{"rendered":"\n<p>Dje\u010dji ljetni planinarski \/DEPAK kamp 8. srpanj (petak) \u2013 10. srpanj (nedjelja) 2022.<\/p>\n\n\n\n<p>Nakon dvije godine pauze zbog epidemiolo\u0161kih izazova, ovog se ljeta ponovno odr\u017eao Dje\u010dji ljetni planinarski\/DEPAK kamp u Samoborskom gorju. Baza kampa je kao i prethodna \u010detiri puta bio Planinarski dom \u201cCerinski vir\u201d, koji se nalazi na 331 mnv, u srcu tog predivnog gorja.<br>Dva puna dana i dvije no\u0107i na Cerini svoju je oazu mira imalo ukupno 30 osnovno\u0161kolske djece iz razli\u010ditih dijelova grada Zagreba, Zapre\u0161i\u0107a, Velike Gorice, Samobora, Sesveta, Marije Bistrice i Gline.<br>Djecu su predvodila tri animatora\/voditelja: Petra Pavlovi\u0107 &#8211; animatorica Kursilja, Mario Bla\u017eanovi\u0107 &#8211; voditelj Obiteljske zajednice udruge Ekosspiritus i Ante Buri\u0107 &#8211; voditelj Dje\u010dje eko-planinarske akademije\/DEPAKa, uz veliku tehni\u010dku pomo\u0107 predstavnika planinarskog doma: Anice Jurinjak kao kuharice i Radovana Libri\u0107a, kao tajnika udruge Ekosspiritus.<br>Organizacijski tim za mali\u0161ane je pripremio zanimljiv program sa tri bitne komponente: zdravstveno-sportski sadr\u017eaj, edukativna radionica i duhovna sekvenca. U sklopu zdravstveno-rekreacijskog dijela odra\u0111en je petosatni izlet odlaskom do obli\u017enjih planinarskih punktova: vrh Veliki Lipovec, biv\u0161a \u0160oi\u0107eva ku\u0107a, Planinarski dom Ivica Sudnik na Velikom Dolu. Edukativno istra\u017eiva\u010dka radionica napravljena je na teme poznavanja prirodnih bogatstava Lijepe Na\u0161e (nacionalni parkovi, parkovi prirode, vode i planine Republike Hrvatske), te istra\u017eivanje povijesti i znamenitosti u i oko planinarskog doma Cerinski vir. Tako\u0111er, u sklopu edukativno-zabavnog dijela dje\u010dica su zaigrala igru pam\u0107enja i prepoznavanja predmeta iz domene planinarske opreme. Duhovni dio bio je posve\u0107en meditativnoj radionici u kapelici i uz logorsku vatru, a zavr\u0161ni dan u nedjelju Svetu misu predvodio je monsinjor Nedjeljko Pintari\u0107, koji je djeci uo\u010di mise na lijep i vrlo pristupa\u010dan na\u010din podario uvod u Evan\u0111elje o milosrdnom Samaritancu.<\/p>\n\n\n\n<p>Vikend prepun do\u017eivljaja, pozitivnih emocija, novih sklopljenih prijateljstava i produbljivanja poznanstava zavr\u0161io je uz \u010dvrstu odluku kako se vidimo opet skoro na radionicama i izletima tre\u0107e sezone Dje\u010dje eko-planinarske akademije, odnosno dogodine na 6. DEPAK ljetnom planinarskom kampu na Cerini.<\/p>\n\n\n\n<p>(Ante Buri\u0107)<\/p>\n","protected":false},"excerpt":{"rendered":"<p>Dje\u010dji ljetni planinarski \/DEPAK kamp 8. srpanj (petak) \u2013 10. srpanj (nedjelja) 2022. Nakon dvije godine pauze zbog epidemiolo\u0161kih izazova, ovog se ljeta ponovno odr\u017eao Dje\u010dji ljetni planinarski\/DEPAK kamp u Samoborskom gorju.<a class=\"moretag\" href=\"https:\/\/ekosspiritus.hr\/index.php\/2022\/07\/12\/dogodilo-se-djecji-ljetni-planinarski-depak-kamp-na-cerini\/\">Read More&#8230;<\/a><\/p>\n","protected":false},"author":2,"featured_media":0,"comment_status":"closed","ping_status":"open","sticky":false,"template":"","format":"standard","meta":{"footnotes":""},"categories":[1],"tags":[],"class_list":["post-1642","post","type-post","status-publish","format-standard","hentry","category-ekosspiritus"],"_links":{"self":[{"href":"https:\/\/ekosspiritus.hr\/index.php\/wp-json\/wp\/v2\/posts\/1642","targetHints":{"allow":["GET"]}}],"collection":[{"href":"https:\/\/ekosspiritus.hr\/index.php\/wp-json\/wp\/v2\/posts"}],"about":[{"href":"https:\/\/ekosspiritus.hr\/index.php\/wp-json\/wp\/v2\/types\/post"}],"author":[{"embeddable":true,"href":"https:\/\/ekosspiritus.hr\/index.php\/wp-json\/wp\/v2\/users\/2"}],"replies":[{"embeddable":true,"href":"https:\/\/ekosspiritus.hr\/index.php\/wp-json\/wp\/v2\/comments?post=1642"}],"version-history":[{"count":1,"href":"https:\/\/ekosspiritus.hr\/index.php\/wp-json\/wp\/v2\/posts\/1642\/revisions"}],"predecessor-version":[{"id":1643,"href":"https:\/\/ekosspiritus.hr\/index.php\/wp-json\/wp\/v2\/posts\/1642\/revisions\/1643"}],"wp:attachment":[{"href":"https:\/\/ekosspiritus.hr\/index.php\/wp-json\/wp\/v2\/media?parent=1642"}],"wp:term":[{"taxonomy":"category","embeddable":true,"href":"https:\/\/ekosspiritus.hr\/index.php\/wp-json\/wp\/v2\/categories?post=1642"},{"taxonomy":"post_tag","embeddable":true,"href":"https:\/\/ekosspiritus.hr\/index.php\/wp-json\/wp\/v2\/tags?post=1642"}],"curies":[{"name":"wp","href":"https:\/\/api.w.org\/{rel}","templated":true}]}}