{"id":1648,"date":"2022-07-30T12:41:54","date_gmt":"2022-07-30T12:41:54","guid":{"rendered":"https:\/\/ekosspiritus.hr\/?p=1648"},"modified":"2022-07-30T12:42:57","modified_gmt":"2022-07-30T12:42:57","slug":"dogodilo-se-ljetni-kamp-na-velebitu-2","status":"publish","type":"post","link":"https:\/\/ekosspiritus.hr\/index.php\/2022\/07\/30\/dogodilo-se-ljetni-kamp-na-velebitu-2\/","title":{"rendered":"DOGODILO SE: Ljetni kamp na Velebitu"},"content":{"rendered":"\n<p>Posljednji tjedan sedmog mjeseca, 25. \u2013 29. srpnja 2022. \u010dlanovi HPD-a \u201eSv. Patrika\u201c okupili su se na tradicionalnom duhovno \u2013 planinarskom kampu na Sjevernom Velebitu. Taj nacionalni park nam je baza dugi niz godina i nikad mu se nismo prestali radovati.<\/p>\n\n\n\n<p>Okupljali smo se kroz ponedjeljak, strpljivo i\u0161\u010dekuju\u0107i one koji su kasnili. Ako ve\u0107 to morate raditi, vjerojatno nema boljeg mjesta od terase ispred Planinarskog doma Zavi\u017ean. Kada se okupila cijela skupina, napravili smo kratku kru\u017enu \u0161etnju Kosa \u2013 Balinovac \u2013 Botani\u010dki vrt. U \u010dudesnoj \u0161umi smo se me\u0111usobno upoznali, iako smo sve najzanimljivije jedni o drugima doznali kroz nadolaze\u0107e dane. Smjestili smo se u prostorije planinarskog doma, a na\u0161a kuharica Anica je do ve\u010dere ve\u0107 pripremila prvu u nizu svojih \u010darolija: Gula\u0161 sv. Patrika. Lijepa ve\u010der najavila je odli\u010dan sljede\u0107i dan.<\/p>\n\n\n\n<p>Misao dana: Stignu na mjesto o kojemu je Bog govorio. (Post 22, 9)<\/p>\n\n\n\n<p>Rije\u010d dana: \u017dRTVA<\/p>\n\n\n\n<p>Utorak smo zapo\u010deli na Premu\u017ei\u0107evoj stazi koju smo napustili kod Fabinog Dolca kako bi preko \u0160krbine Drage do\u0161li do Velikog Loma. Na Lubenova\u010dkim vratima zamjetna je \u0161teta na crnogorici od potkornjaka, svake godine na sve ve\u0107oj povr\u0161ini. Veliki Lom je bajkovit kao i uvijek, mjesto starih nostalgija i novih pustolovina. U domu su shvatili kakvo je stanje i naru\u010dili cisternu vode i kamion pive, nek&#8217; se na\u0111e\u2026<\/p>\n\n\n\n<p>Misao dana: \u0160to \u0107e\u0161 ti ovdje? (1 Kr 19, 9)<\/p>\n\n\n\n<p>Rije\u010d dana: OBJAVA<\/p>\n\n\n\n<p>Jutro srijede smo proveli gledaju\u0107i u oblak koji nam je na\u0161 doma\u0107in Ivan Vuku\u0161i\u0107 pokazao u smjeru mora. Postajao je sve ve\u0107i i tamniji, donose\u0107i svjetlosne efekte u vidu munja i zvu\u010dne u vidu gromova. Donio je i ki\u0161u i tu\u010du. Oko podneva, nevjerojatno, ali sinulo je sunce. Brzo smo navukli gojzerice i napravili kratku turu na vrh Velikog Zavi\u017eana, kako bi posjetili runoliste i mu\u0161ice u klekovini pod vrhom. Sve planove za popodne odgodio je partnerski oblak onom jutarnjem, koji je stigao s druge strane ku\u0107e i donio jo\u0161 malo vi\u0161e ki\u0161e i vjetra i hladno\u0107e. Bolna koljena i umor nekih sudionika su odu\u0161evljeno prihvatili dan dru\u0161tvenih igara s ljubavlju gledaju\u0107i maglu i vlagu koja je vladala s druge strane \u010dvrsto zatvorenih prozora. Igrali smo se puno, igrali smo sva\u0161ta, nau\u010dili nove trikove, doznali sve zanimljivosti, stvorili zajedni\u0161tvo od hrpe stranaca. Velika je \u010darolija u dru\u0161tvenim igrama kada ih se prihvate odrasli ljudi \u2013 malo tajni tada mo\u017ee ostati skriveno. Uz ve\u010deru smo otvorili butelje vina i bili spremni ostati na Zavi\u017eanu zauvijek.<\/p>\n\n\n\n<p>Misao dana: Tad \u0107e po\u010deti govoriti gorama: \u2018Padnite na nas!\u2019 i bregovima: \u2018Pokrijte nas! (Lk 23, 30)<\/p>\n\n\n\n<p>Rije\u010d dana: \u010cUDO<\/p>\n\n\n\n<p>\u010cetvrtak je prevrtljivo\u0161\u0107u slikovito pokazao \u0161to je Velebit. Krenuli smo prema Malom Rajincu kroz oblak, kojeg smo se s nostalgijom sje\u0107ali kada nas je sunce ponovno dovelo do dijeljenja kremi za sun\u010danje na Jezerima. Duhovnu misao dana, koju smo imali svaki dan, uz biblijski citat i rije\u010d dana, odr\u017eali smo kod ru\u0161evina planinske crkve, nekad davno sagra\u0111ene od te\u0161kih plo\u010da kamena vapnenca, a danas obilje\u017eene tek grubim drvenim kri\u017eem. Najhrabriji su do kraja dan odradili savr\u0161enu osmicu s rekordno brzim usponom na Piv\u010devac i drugo tjedno spu\u0161tanje u Vuku\u0161i\u0107 sni\u017enicu.<\/p>\n\n\n\n<p>Misao dana: Dobro nam je ovdje biti. (Mt 17, 4)<\/p>\n\n\n\n<p>Rije\u010d dana: U\u010cENICI<\/p>\n\n\n\n<p>U petak ujutro smo se vrlo polako spremali i jo\u0161 sporije opra\u0161tali. Nikada se nikome ne ide s Velebita, bez obzira \u0161to nas \u010deka u dolini. Obja\u0161njavali smo motritelju Meteorolo\u0161ke postaje Tomislavu i voditeljici doma Katarini kako \u0107emo im nedostajati. Mo\u017eda su nam i povjerovali. U Krasnom smo se opskrbili sirom i posljednju zajedni\u010dku molitvu imali u Sveti\u0161tu Majke Bo\u017eje od Krasna, s ophodom oko oltara zaokru\u017euju\u0107i sve lijepo \u0161to je tjedan nosio.<\/p>\n\n\n\n<p>Misao dana: Mjesto na kojem stoji\u0161 sveto je tlo. (Izl 3, 5)<\/p>\n\n\n\n<p>Rije\u010d dana: SVIJET<\/p>\n\n\n\n<p>Mogla bih vam pisati dugo i detaljno, kako smo dobro jeli; koliko smo se smijali; o odboru za do\u010dek na klupici; o \u017deljkovom prepametnom satu i mobitelu i glavi; o Filipovim izgubljenim \u010depi\u0107ima za u\u0161i i prekratkom krevetu; o Gabrijelinom zvanju u beli; o japankama na bijele \u010darape; o Darijevim no\u017eevima; o Sandrinom tempu; o konjima pod Kosom i Aninom jahanju uz navija\u010de; o Ani\u010dinoj ulaznici, o veterankama Ljerki i Diani; o pu\u0161tanju zmaja; o obitelji \u0160porec i kako u koloni rasporediti troje djece, a da se ne sva\u0111aju; o Ireninom fotoaparatu; o lete\u0107im sun\u010danim nao\u010dalama; o Ivi\u010dinom sviranju gitare; o pjevanju Bernarde, Monike, Ivone, Mateje i Jane; o dijeljenju graha motoristima; o zvonjenju na kapelici sv. Ante; o Katarininim papiri\u0107ima s poticajnim pitanjima koji su se vjerojatno raspr\u0161ili po cijeloj planini i sada nad njima meditiraju neki medvjedi, vukovi i risovi\u2026 \u010citaju ih, \u017eva\u010du, razmi\u0161ljaju ili rade bilo \u0161to od toga, \u0161to su radili i sudionici Ljetnog kampa na Velebitu 2022. Mogla bih vam pisati dugo i detaljno i znali bi puno, ali ne bi nikada doznali sve. Za sve, rezervirajte tjedan dana pred kraj sedmog mjeseca 2023. godine. Sve najbolje je tek pred nama\u2026<\/p>\n\n\n\n<p>Fotografije pogledajte na Facebook stranici udruge. <\/p>\n","protected":false},"excerpt":{"rendered":"<p>Posljednji tjedan sedmog mjeseca, 25. \u2013 29. srpnja 2022. \u010dlanovi HPD-a \u201eSv. Patrika\u201c okupili su se na tradicionalnom duhovno \u2013 planinarskom kampu na Sjevernom Velebitu. Taj nacionalni park nam je baza dugi<a class=\"moretag\" href=\"https:\/\/ekosspiritus.hr\/index.php\/2022\/07\/30\/dogodilo-se-ljetni-kamp-na-velebitu-2\/\">Read More&#8230;<\/a><\/p>\n","protected":false},"author":2,"featured_media":0,"comment_status":"closed","ping_status":"open","sticky":false,"template":"","format":"standard","meta":{"footnotes":""},"categories":[1],"tags":[],"class_list":["post-1648","post","type-post","status-publish","format-standard","hentry","category-ekosspiritus"],"_links":{"self":[{"href":"https:\/\/ekosspiritus.hr\/index.php\/wp-json\/wp\/v2\/posts\/1648","targetHints":{"allow":["GET"]}}],"collection":[{"href":"https:\/\/ekosspiritus.hr\/index.php\/wp-json\/wp\/v2\/posts"}],"about":[{"href":"https:\/\/ekosspiritus.hr\/index.php\/wp-json\/wp\/v2\/types\/post"}],"author":[{"embeddable":true,"href":"https:\/\/ekosspiritus.hr\/index.php\/wp-json\/wp\/v2\/users\/2"}],"replies":[{"embeddable":true,"href":"https:\/\/ekosspiritus.hr\/index.php\/wp-json\/wp\/v2\/comments?post=1648"}],"version-history":[{"count":2,"href":"https:\/\/ekosspiritus.hr\/index.php\/wp-json\/wp\/v2\/posts\/1648\/revisions"}],"predecessor-version":[{"id":1650,"href":"https:\/\/ekosspiritus.hr\/index.php\/wp-json\/wp\/v2\/posts\/1648\/revisions\/1650"}],"wp:attachment":[{"href":"https:\/\/ekosspiritus.hr\/index.php\/wp-json\/wp\/v2\/media?parent=1648"}],"wp:term":[{"taxonomy":"category","embeddable":true,"href":"https:\/\/ekosspiritus.hr\/index.php\/wp-json\/wp\/v2\/categories?post=1648"},{"taxonomy":"post_tag","embeddable":true,"href":"https:\/\/ekosspiritus.hr\/index.php\/wp-json\/wp\/v2\/tags?post=1648"}],"curies":[{"name":"wp","href":"https:\/\/api.w.org\/{rel}","templated":true}]}}