{"id":1654,"date":"2022-08-22T09:17:31","date_gmt":"2022-08-22T09:17:31","guid":{"rendered":"https:\/\/ekosspiritus.hr\/?p=1654"},"modified":"2022-08-22T09:17:34","modified_gmt":"2022-08-22T09:17:34","slug":"najavljujemo-izlet-na-pasman","status":"publish","type":"post","link":"https:\/\/ekosspiritus.hr\/index.php\/2022\/08\/22\/najavljujemo-izlet-na-pasman\/","title":{"rendered":"NAJAVLJUJEMO: Izlet na Pa\u0161man"},"content":{"rendered":"\n<p>HPD Sv. Patrik Vas poziva na jednodnevni planinarski izlet 10.9.2022. godine na otok Pa\u0161man.<\/p>\n\n\n\n<p><br>U jednom danu posjetiti \u0107emo Benediktinski samostan sv. Kuzme i Damjana jedini mu\u0161ki samostan benediktinaca u Hrvatskoj<br>Nakon kratkog obilaska, polazimo prema po\u010detku staze koja \u0107e biti podijeljena na dvije grupe, ovisno o kondiciji.<br>Zajedno polazimo prema najvi\u0161em vrhu Pa\u0161mana, cca 200mnv uspona do vrha Veliki Bokolj na kojem se nalazi ure\u0111en vidikovac.<br>Nakon kratkog odmora, prema potrebi se dijelimo na dvije grupe, jedna koja \u0107e pro\u0107i tehni\u010dki i fizi\u010dki zahtjevniji kr\u0161eviti dio puta preko planinarske staze s koje prekrasni pogledi pucaju na sve strane, Velebit s jedne, a s druge strane srednjodalmatinski otoci, NP Kornati, Dugi Otok i jo\u0161 mnogi drugi, a za lijepog vremena mo\u017ee se \u010dak i Italija vidjeti. Druga grupa \u0107e krenuti lak\u0161im makadamskim putem prema Malom Bokolju koja tako\u0111er otkriva pejza\u017ee i morske poglede koji se ne zaboravljaju tako lako.<br>Kada se obje grupe spoje, krenuti \u0107emo moliti Kri\u017eni put koji vodi do vrha Malog Bokolja na kojem se nalazi kapela Gospe od Loreta. Zatim ovisno o vremenu i dogovoru \u0107emo slaviti Svetu Misu ili u kapelici na vrhu ili u crkvi sv. Kuzme i Damjana u centru mjesta Banj u koji se spu\u0161tamo.<br>Tamo \u0107e nas \u010dekati i tradicionalni dalmatinski ru\u010dak koji \u0107e nam spremiti na\u0161i doma\u0107ini i mje\u0161tani te \u0107e biti i vremena dovoljno za odmor i naravno kupanje!<br>Tako da ne zaboravite i rekvizite za pla\u017eu!<\/p>\n\n\n\n<p><br>Tehni\u010dki uvjeti i oprema:<\/p>\n\n\n\n<p>Premda vrh i staza nisu na velikoj nadmorskoj visini, staza nije lagana po\u0161to se sastoji od stijena, \u0161krapa te su zato potrebne \u010dvrste planinarske cipele, \u0161tapovi, \u0161e\u0161ir. Vode 2,5l i hrana do ru\u010dka.<br>Staza prolazi po vr\u0161nom dijelu otoka te samom time nema mnogo hlada, za\u0161tita od sunca je obavezna.<br>Svaki sudionik izleta jam\u010di da je fizi\u010dki i psihi\u010dki sposoban sudjelovati te da \u0107e po\u0161tivati sve odluke vodi\u010da.<br>Na izlet polazimo u 5h ujutro s Ju\u017enog parkinga Nacionalne i sveu\u010dili\u0161ne biblioteke a povratak se o\u010dekuje oko pono\u0107i.<br>U slu\u010daju nepovoljnih vremenskih uvjeta izlet se otkazuje ili odga\u0111a.<br>Uplate izleta \u0107e se mo\u0107i obaviti uz dru\u017eenje u pivnici Harats Pub na Dolcu 31.8. od 17-20h.<br>Informacije i prijave za izlet se mogu obaviti na broj 0996091098 (Danijel) po mogu\u0107nosti iza 16h.<br>Veselimo se Va\u0161im prijavama te zajedni\u010dkom dru\u017eenju!<br>Va\u0161 HPD Sv. Patrik!<\/p>\n","protected":false},"excerpt":{"rendered":"<p>HPD Sv. Patrik Vas poziva na jednodnevni planinarski izlet 10.9.2022. godine na otok Pa\u0161man. U jednom danu posjetiti \u0107emo Benediktinski samostan sv. Kuzme i Damjana jedini mu\u0161ki samostan benediktinaca u HrvatskojNakon kratkog<a class=\"moretag\" href=\"https:\/\/ekosspiritus.hr\/index.php\/2022\/08\/22\/najavljujemo-izlet-na-pasman\/\">Read More&#8230;<\/a><\/p>\n","protected":false},"author":2,"featured_media":0,"comment_status":"closed","ping_status":"open","sticky":false,"template":"","format":"standard","meta":{"footnotes":""},"categories":[1],"tags":[],"class_list":["post-1654","post","type-post","status-publish","format-standard","hentry","category-ekosspiritus"],"_links":{"self":[{"href":"https:\/\/ekosspiritus.hr\/index.php\/wp-json\/wp\/v2\/posts\/1654","targetHints":{"allow":["GET"]}}],"collection":[{"href":"https:\/\/ekosspiritus.hr\/index.php\/wp-json\/wp\/v2\/posts"}],"about":[{"href":"https:\/\/ekosspiritus.hr\/index.php\/wp-json\/wp\/v2\/types\/post"}],"author":[{"embeddable":true,"href":"https:\/\/ekosspiritus.hr\/index.php\/wp-json\/wp\/v2\/users\/2"}],"replies":[{"embeddable":true,"href":"https:\/\/ekosspiritus.hr\/index.php\/wp-json\/wp\/v2\/comments?post=1654"}],"version-history":[{"count":1,"href":"https:\/\/ekosspiritus.hr\/index.php\/wp-json\/wp\/v2\/posts\/1654\/revisions"}],"predecessor-version":[{"id":1655,"href":"https:\/\/ekosspiritus.hr\/index.php\/wp-json\/wp\/v2\/posts\/1654\/revisions\/1655"}],"wp:attachment":[{"href":"https:\/\/ekosspiritus.hr\/index.php\/wp-json\/wp\/v2\/media?parent=1654"}],"wp:term":[{"taxonomy":"category","embeddable":true,"href":"https:\/\/ekosspiritus.hr\/index.php\/wp-json\/wp\/v2\/categories?post=1654"},{"taxonomy":"post_tag","embeddable":true,"href":"https:\/\/ekosspiritus.hr\/index.php\/wp-json\/wp\/v2\/tags?post=1654"}],"curies":[{"name":"wp","href":"https:\/\/api.w.org\/{rel}","templated":true}]}}