{"id":1659,"date":"2022-08-24T09:08:50","date_gmt":"2022-08-24T09:08:50","guid":{"rendered":"https:\/\/ekosspiritus.hr\/?p=1659"},"modified":"2022-08-24T09:08:53","modified_gmt":"2022-08-24T09:08:53","slug":"najavljujemo-proslava-sedam-godina-od-otvaranja-planinarskog-doma-cerinski-vir","status":"publish","type":"post","link":"https:\/\/ekosspiritus.hr\/index.php\/2022\/08\/24\/najavljujemo-proslava-sedam-godina-od-otvaranja-planinarskog-doma-cerinski-vir\/","title":{"rendered":"NAJAVLJUJEMO: Proslava sedam godina od otvaranja Planinarskog doma &#8220;Cerinski vir&#8221;"},"content":{"rendered":"\n<p>Planinarski dom Cerinski vir, subota 3. rujna 2022.<\/p>\n\n\n\n<p><em>Kaj je ve\u0107 sedam let? Prebrzo je to pre\u0161lo!<\/em><\/p>\n\n\n\n<p>2015. \u2013 2022.<\/p>\n\n\n\n<p>Pozivamo \u010dlanove i prijatelje Hrvatskog planinarskog dru\u0161tva sv. Patrika i udruge Ekosspiritus na zahvalu Bogu i dru\u017eenje povodom sedme obljetnice otvaranja planinarskog doma Cerinski vir<\/p>\n\n\n\n<p>OKVIRNI PLAN<\/p>\n\n\n\n<p>14:00 \u2013 16:00 sati: Radna akcija, priprema cvjetnjaka za sadnju trajnica (gredica sv. Jakova i sv. Patrika)<\/p>\n\n\n\n<p>17:00 sati: Priprema gula\u0161a. Otkriti \u0107emo vam detalje oko pripreme gula\u0161a sv. Patrika i jo\u0161 nekih jela koji se kuhaju u kotli\u0107u na otvorenoj vatri. Kuhati \u0107ete zajedno s na\u0161im najboljim kuharicama.<\/p>\n\n\n\n<p>Stavit \u0107emo na stol vino najboljih vinara na\u0161e udruge.<\/p>\n\n\n\n<p>Oko 19:00 sati predvi\u0111ena je sveta misa zahvalnica za sedam godina rada Planinarskog doma Cerinski vir.<\/p>\n\n\n\n<p>Iza mise slijedi zajedni\u010dka ve\u010dera i nastavak dru\u017eenja. Na\u0161 zajedni\u010dki stol mo\u017eete obogatiti kola\u010dem.<\/p>\n\n\n\n<p>Ponudit \u0107emo na prodaju i neke predmete koje smo tijekom godina prikupili, a nama su vi\u0161ka ili ih imamo vi\u0161e komada&#8230; To je prilika da jeftino nabavite neki lijepi poklon za svoje prijatelje, a odmah i pomognete kojom kunom blagajni dru\u0161tva.<\/p>\n\n\n\n<p><em>Bilo bi lepo kad bi ostali spati vu domu. Mesta ima dosta.<\/em><\/p>\n\n\n\n<p>Radi organizacije ve\u010dere molimo vas prijavite svoj dolazak na mail : <a href=\"mailto:ekosspiritus@gmail.com\">ekosspiritus@gmail.com<\/a>.<\/p>\n\n\n\n<p><em>Bu vam \u017eal ako nebute do\u0161li!<\/em><\/p>\n","protected":false},"excerpt":{"rendered":"<p>Planinarski dom Cerinski vir, subota 3. rujna 2022. Kaj je ve\u0107 sedam let? Prebrzo je to pre\u0161lo! 2015. \u2013 2022. Pozivamo \u010dlanove i prijatelje Hrvatskog planinarskog dru\u0161tva sv. Patrika i udruge Ekosspiritus<a class=\"moretag\" href=\"https:\/\/ekosspiritus.hr\/index.php\/2022\/08\/24\/najavljujemo-proslava-sedam-godina-od-otvaranja-planinarskog-doma-cerinski-vir\/\">Read More&#8230;<\/a><\/p>\n","protected":false},"author":2,"featured_media":0,"comment_status":"closed","ping_status":"open","sticky":false,"template":"","format":"standard","meta":{"footnotes":""},"categories":[1],"tags":[],"class_list":["post-1659","post","type-post","status-publish","format-standard","hentry","category-ekosspiritus"],"_links":{"self":[{"href":"https:\/\/ekosspiritus.hr\/index.php\/wp-json\/wp\/v2\/posts\/1659","targetHints":{"allow":["GET"]}}],"collection":[{"href":"https:\/\/ekosspiritus.hr\/index.php\/wp-json\/wp\/v2\/posts"}],"about":[{"href":"https:\/\/ekosspiritus.hr\/index.php\/wp-json\/wp\/v2\/types\/post"}],"author":[{"embeddable":true,"href":"https:\/\/ekosspiritus.hr\/index.php\/wp-json\/wp\/v2\/users\/2"}],"replies":[{"embeddable":true,"href":"https:\/\/ekosspiritus.hr\/index.php\/wp-json\/wp\/v2\/comments?post=1659"}],"version-history":[{"count":1,"href":"https:\/\/ekosspiritus.hr\/index.php\/wp-json\/wp\/v2\/posts\/1659\/revisions"}],"predecessor-version":[{"id":1660,"href":"https:\/\/ekosspiritus.hr\/index.php\/wp-json\/wp\/v2\/posts\/1659\/revisions\/1660"}],"wp:attachment":[{"href":"https:\/\/ekosspiritus.hr\/index.php\/wp-json\/wp\/v2\/media?parent=1659"}],"wp:term":[{"taxonomy":"category","embeddable":true,"href":"https:\/\/ekosspiritus.hr\/index.php\/wp-json\/wp\/v2\/categories?post=1659"},{"taxonomy":"post_tag","embeddable":true,"href":"https:\/\/ekosspiritus.hr\/index.php\/wp-json\/wp\/v2\/tags?post=1659"}],"curies":[{"name":"wp","href":"https:\/\/api.w.org\/{rel}","templated":true}]}}