{"id":1662,"date":"2022-09-07T08:04:12","date_gmt":"2022-09-07T08:04:12","guid":{"rendered":"https:\/\/ekosspiritus.hr\/?p=1662"},"modified":"2022-09-07T08:04:16","modified_gmt":"2022-09-07T08:04:16","slug":"u-sjecanje-vlc-milan-kers","status":"publish","type":"post","link":"https:\/\/ekosspiritus.hr\/index.php\/2022\/09\/07\/u-sjecanje-vlc-milan-kers\/","title":{"rendered":"U sje\u0107anje: vl\u010d. Milan Ker\u0161"},"content":{"rendered":"\n<p>Onaj \u010dovjek s kraja kolone na svakom Planinarskom kri\u017enom putu. Vjeran hodo\u010dasnik koji je neumorno poticao na ispovijed. Uvijek na raspolaganju, strpljiv u slu\u0161anju, uporan u ohrabrivanju. Onaj koji je u\u0161ao u legendu svojim propovijedima, nekad neo\u010dekivano dugima, a uvijek o\u010dekivano druga\u010dijima, a zatim se tiho povukao: \u201eDajmo \u0161ansu drugima, mla\u0111ima\u2026\u201c Onaj koji nam je otkrivao dubine u pjesmama od kojih to nismo o\u010dekivali\u2026 Molitva od Parnog valjka i Pred tvojim vratima od Olivera\u2026 Onaj koji je na svakom kraju svake mise svakog Planinarskog kri\u017enog puta znao zahvaliti, jer koji put je samo to dovoljno\u2026 Bio je s nama od davnog 16. Planinarskog kri\u017enog puta na koji je do\u0161ao jo\u0161 kao kapelan u Velikoj Gorici, pa sve do zadnjeg pohoda na kojem je sudjelovao, 69. Planinarskom kri\u017enom putu u Mariji Bistrici. Vjerojatno niti jedan sve\u0107enik u Hrvatskoj nema u nogama toliko pohoda Planinarskog kri\u017enog puta kao Milan Ker\u0161.<\/p>\n\n\n\n<p>Samozatajan kateheta, koji nikad nije sudjelovao na nijednom katehetskom programu, a da poslije nije vjerno skupio sadr\u017eaj koji smo koristili. \u201eZa moje mlade\u201c, samo je \u0161aptao. Onaj koji je kamerom snimio mnoge meditacije i molitve i pjesme. \u201eZa moje \u017eupljane\u201c, tiho se smje\u0161kao.<\/p>\n\n\n\n<p>Uporan planinar, prisutan s nama na brojnim izletima i kampovima. Uvijek mu je bilo bitno da bude na Velebitu. Zajedno smo bili zaljubljeni u tu planinu. Divio se ljepoti prirode i \u0161irini Domovine, hranio se susretima, \u0161to je redovito bilo obostrano. Ako smo na Cerini \u017eeljeli imati misu, a nije bilo sve\u0107enika, rje\u0161enje je bilo uvijek jedno i jednostavno: \u201eZovi Milana.\u201c<\/p>\n\n\n\n<p>Onaj \u010dovjek sa zvoncem za bicikl na \u0161tapu s kojim je planinario. I kada je bila najve\u0107a uzbrdica u najdubljoj \u0161umi, on je zvonio. A veterani susreta, koji su znali o \u010demu je rije\u010d, gledali su kako se oni novi mi\u010du. Jer eto, netko ba\u0161 ide biciklom usred kolone koja se mu\u010di na vrh brda. Volio je radovati ljude. Nasmijavati ih i veseliti se zajedno s njima.<\/p>\n\n\n\n<p>Volio je ugodno dru\u017eenje, smijeh i pjesmu. I bio je \u010dovjek duboke pobo\u017enosti, sve\u0107enik koji je uvijek radio na sebi i trudio se biti \u0161to bolji i kvalitetniji u svom radu. Uvijek s velikim \u017eeljama i planovima. Uvijek okupljaju\u0107i nove suradnike i pokre\u0107u\u0107i stvari. Prosjek nije bio njegov izbor, te\u017eio je ve\u0107emu od toga.<\/p>\n\n\n\n<p>Dragi Milane, toliko si \u010desto bio dio aktivnosti na\u0161e udruge da smo se posve naviknuli na tvoje prisustvo. Nedostajat \u0107e\u0161 nam svaki put kad \u0107emo se okupiti. Obe\u0107ajemo da \u0107emo moliti, kako si nas uvijek podsje\u0107ao i poticao. Zahvaljujemo ti na svemu \u0161to si nam darovao dijele\u0107i s nama ove kratke dane koje svi mi ljudi imamo na ovome svijetu. Gospodin kojemu si slu\u017eio i kada je bilo lijepo i kada je bilo te\u0161ko odlu\u010dio je pozvati te k sebi. S vjerom i nadom u uskrsnu\u0107e nadamo se ponovnom susretu u nebeskom Jeruzalemu.<\/p>\n\n\n\n<p>Udruga Ekosspiritus, Samobor<\/p>\n","protected":false},"excerpt":{"rendered":"<p>Onaj \u010dovjek s kraja kolone na svakom Planinarskom kri\u017enom putu. Vjeran hodo\u010dasnik koji je neumorno poticao na ispovijed. Uvijek na raspolaganju, strpljiv u slu\u0161anju, uporan u ohrabrivanju. Onaj koji je u\u0161ao u<a class=\"moretag\" href=\"https:\/\/ekosspiritus.hr\/index.php\/2022\/09\/07\/u-sjecanje-vlc-milan-kers\/\">Read More&#8230;<\/a><\/p>\n","protected":false},"author":2,"featured_media":0,"comment_status":"closed","ping_status":"open","sticky":false,"template":"","format":"standard","meta":{"footnotes":""},"categories":[1],"tags":[],"class_list":["post-1662","post","type-post","status-publish","format-standard","hentry","category-ekosspiritus"],"_links":{"self":[{"href":"https:\/\/ekosspiritus.hr\/index.php\/wp-json\/wp\/v2\/posts\/1662","targetHints":{"allow":["GET"]}}],"collection":[{"href":"https:\/\/ekosspiritus.hr\/index.php\/wp-json\/wp\/v2\/posts"}],"about":[{"href":"https:\/\/ekosspiritus.hr\/index.php\/wp-json\/wp\/v2\/types\/post"}],"author":[{"embeddable":true,"href":"https:\/\/ekosspiritus.hr\/index.php\/wp-json\/wp\/v2\/users\/2"}],"replies":[{"embeddable":true,"href":"https:\/\/ekosspiritus.hr\/index.php\/wp-json\/wp\/v2\/comments?post=1662"}],"version-history":[{"count":1,"href":"https:\/\/ekosspiritus.hr\/index.php\/wp-json\/wp\/v2\/posts\/1662\/revisions"}],"predecessor-version":[{"id":1663,"href":"https:\/\/ekosspiritus.hr\/index.php\/wp-json\/wp\/v2\/posts\/1662\/revisions\/1663"}],"wp:attachment":[{"href":"https:\/\/ekosspiritus.hr\/index.php\/wp-json\/wp\/v2\/media?parent=1662"}],"wp:term":[{"taxonomy":"category","embeddable":true,"href":"https:\/\/ekosspiritus.hr\/index.php\/wp-json\/wp\/v2\/categories?post=1662"},{"taxonomy":"post_tag","embeddable":true,"href":"https:\/\/ekosspiritus.hr\/index.php\/wp-json\/wp\/v2\/tags?post=1662"}],"curies":[{"name":"wp","href":"https:\/\/api.w.org\/{rel}","templated":true}]}}