{"id":1666,"date":"2022-09-11T19:20:54","date_gmt":"2022-09-11T19:20:54","guid":{"rendered":"https:\/\/ekosspiritus.hr\/?p=1666"},"modified":"2022-09-11T19:20:56","modified_gmt":"2022-09-11T19:20:56","slug":"dogodilo-se-izlet-na-pasman","status":"publish","type":"post","link":"https:\/\/ekosspiritus.hr\/index.php\/2022\/09\/11\/dogodilo-se-izlet-na-pasman\/","title":{"rendered":"DOGODILO SE: Izlet na Pa\u0161man"},"content":{"rendered":"\n<p>U subotu 10. rujna 2022. godine HPD sv. Patrik je organizirao izlet na otok Pa\u0161man. Na\u0161e dru\u017eenje smo zapo\u010deli posjetom Benediktinskom samostanu sv. Kuzme i Damjana na \u0106okovcu gdje nas je do\u010dekao o. Jozo koji nam je ispripovjedao mnoge zanimljivosti o mona\u0161kom \u017eivotu u samostanu, povijesti Benediktinaca u na\u0161im krajevima te nam izrekao i nekoliko vrijednih uputa kako je \u017eivot vezan uz pravila uistinu tek slobodan, te koliko nas uistinu Bog ljubi da nam je dao \u017eivot a da Mu stvarno netreba ni\u0161ta od nas ve\u0107 samo na\u0161a osobna sre\u0107a i ispunjenost.<br>Nakon posjeta samostanu zaputili smo se prema najvi\u0161em vrhu otoka Pa\u0161mana, V. Bokolju, koji smo ispenjali bez problema unato\u010d suncu koje nas je pratilo cijeli dan usprkos najavljenom ki\u0161nom danu. Nakon kra\u0107eg odmora, podjelili smo se u dvije grupe za hod prema M. Bokolju, za one \u017eeljne avanture po planinarskoj stazi punoj \u0161krapa i pogleda na Velebit s jedne i mnoge otoke s druge strane za jednu grupu, a za drugu koja je \u017eeljela u\u017eivati u laganoj \u0161etnji uz tako\u0111er lijepe poglede po po\u017earnom putu.<br>Kada smo svi stigli do M. Bokolja gdje nam je bio predvi\u0111en kri\u017eni put ve\u0107 nas je \u010dekao vl\u010d. Marki\u0107 i doma\u0107in g. Dobroslav koji nam je otvorio kapelu Gospe od Loreta, ispripovjedao male zanimljive anegdote te nas okrijepio hladnom vodom.<br>Nakon kra\u0107eg odmora krenuli smo moliti postaje kri\u017enog puta koje vode do vrha M. Bokolj i kapelice Gospe od Loreta, koji je predvodio vl\u010d. Marki\u0107, a \u017eene \u010ditale dok su mu\u0161karci nosili raspelo kako je obi\u010daj.<br>Na vrhu smo se zahvalili Gospi za Njenu vje\u010dnu ljubav, jo\u0161 se na kratko divili pogledima te po\u017eurili do crkve sv. Kuzme i Damjana u mjestu Banj na sv. Misu.<br>Vl\u010d. Marki\u0107 je slu\u017eio sv. Misu te se vrlo emotivno dotakao pokojnog vl\u010d. Milana i nekih crta njegovog plodonosnog \u017eivota na ovome svijetu te zamolio Gospodina da bude milostiv prema njegovoj du\u0161i.<br>Nakon sv. Mise imali smo u planu i ru\u010dak na pla\u017ei koji su nam pripremili vrijedni i stvarno dare\u017eljivi doma\u0107ini, Ru\u017eica, Klara, Lucija, Kre\u0161o\u2026 Nismo znali koja je delicija bila bolja pa smo tako probali sve, dagnje, pa\u0161tetu i salatu od jadranske tune, pa\u0161ta\u0161utu\u2026 Hvala im od srca za veliki trud za nas, malo mjesto s ljudima velikog srca! Pa jo\u0161 i kupanje, malo odmora na pla\u017ei i dan je bio odli\u010dno zaokru\u017een te smo mogli lagano skupiti stvari i krenuti nazad za Zagreb.<br>Stvarno jedan lijep i ispunjen dan uz HPD sv. Patrik i uistinu veliko hvala svima koji su se potrudili da tako i bude, pekli kola\u010de i kiflice za put, pomogli u vo\u0111enju izleta, veliko hvala i vl\u010d. Marki\u0107u, svima koji su bili s nama\u2026<br>Veselimo se na\u0161em idu\u0107em dru\u017eenju na idu\u0107em izletu!<br>HPD sv. Patrik.<\/p>\n","protected":false},"excerpt":{"rendered":"<p>U subotu 10. rujna 2022. godine HPD sv. Patrik je organizirao izlet na otok Pa\u0161man. Na\u0161e dru\u017eenje smo zapo\u010deli posjetom Benediktinskom samostanu sv. Kuzme i Damjana na \u0106okovcu gdje nas je do\u010dekao<a class=\"moretag\" href=\"https:\/\/ekosspiritus.hr\/index.php\/2022\/09\/11\/dogodilo-se-izlet-na-pasman\/\">Read More&#8230;<\/a><\/p>\n","protected":false},"author":2,"featured_media":0,"comment_status":"closed","ping_status":"open","sticky":false,"template":"","format":"standard","meta":{"footnotes":""},"categories":[1],"tags":[],"class_list":["post-1666","post","type-post","status-publish","format-standard","hentry","category-ekosspiritus"],"_links":{"self":[{"href":"https:\/\/ekosspiritus.hr\/index.php\/wp-json\/wp\/v2\/posts\/1666","targetHints":{"allow":["GET"]}}],"collection":[{"href":"https:\/\/ekosspiritus.hr\/index.php\/wp-json\/wp\/v2\/posts"}],"about":[{"href":"https:\/\/ekosspiritus.hr\/index.php\/wp-json\/wp\/v2\/types\/post"}],"author":[{"embeddable":true,"href":"https:\/\/ekosspiritus.hr\/index.php\/wp-json\/wp\/v2\/users\/2"}],"replies":[{"embeddable":true,"href":"https:\/\/ekosspiritus.hr\/index.php\/wp-json\/wp\/v2\/comments?post=1666"}],"version-history":[{"count":1,"href":"https:\/\/ekosspiritus.hr\/index.php\/wp-json\/wp\/v2\/posts\/1666\/revisions"}],"predecessor-version":[{"id":1667,"href":"https:\/\/ekosspiritus.hr\/index.php\/wp-json\/wp\/v2\/posts\/1666\/revisions\/1667"}],"wp:attachment":[{"href":"https:\/\/ekosspiritus.hr\/index.php\/wp-json\/wp\/v2\/media?parent=1666"}],"wp:term":[{"taxonomy":"category","embeddable":true,"href":"https:\/\/ekosspiritus.hr\/index.php\/wp-json\/wp\/v2\/categories?post=1666"},{"taxonomy":"post_tag","embeddable":true,"href":"https:\/\/ekosspiritus.hr\/index.php\/wp-json\/wp\/v2\/tags?post=1666"}],"curies":[{"name":"wp","href":"https:\/\/api.w.org\/{rel}","templated":true}]}}