{"id":1669,"date":"2022-09-20T12:15:14","date_gmt":"2022-09-20T12:15:14","guid":{"rendered":"https:\/\/ekosspiritus.hr\/?p=1669"},"modified":"2022-09-20T12:15:17","modified_gmt":"2022-09-20T12:15:17","slug":"izazov-svecenikove-smrti-u-spomen-vlc-milanu-kersu","status":"publish","type":"post","link":"https:\/\/ekosspiritus.hr\/index.php\/2022\/09\/20\/izazov-svecenikove-smrti-u-spomen-vlc-milanu-kersu\/","title":{"rendered":"Izazov sve\u0107enikove smrti \u2013 u spomen vl\u010d. Milanu Ker\u0161u"},"content":{"rendered":"\n<p>Koliko jedna obavijest o smrti sve\u0107enika mo\u017ee pobuditi zanimanje u vrijeme masovnih medija i kako smrt mo\u017ee postati vijest unato\u010d svakodnevnim umiranjima? Ne\u0161to neo\u010dekivano, i beskrajno pozitivne reakcije, svjedo\u010de dvije objave na facebook stranici na\u0161e Udruge Ekosspiritus iz Samobora, koje je popratilo vi\u0161e od 160.000 pratitelja. Prvu objavu 6. rujna, odmah nakon saznanja da je vl\u010d. Milan Ker\u0161 poginuo, s tekstom o zajedni\u010dkim aktivnostima i suradnji s dragim vl\u010d. Milanom te nekoliko fotografija pogledale su do ovih dana 129.582 osobe. Drugu objavu koja je uslijedila 10. rujna, nakon sprovoda u Gornjem Mihaljevcu dan prije, s emotivnim tekstom i poticajem \u0161to se i nakon smrti mo\u017ee nau\u010diti od vl\u010d Milana Ker\u0161a te tridesetak fotografija sa sprovoda, vidjelo je 38.384 pratitelja. Ono \u0161to je objavljeno u te dvije objave odisalo je kr\u0161\u0107anskom toplinom utjehe i predanjem Bo\u017ejoj volji, iz perspektive dugogodi\u0161nje suradnje i poznavanja sve dubine i \u0161irine du\u0161e prijatelja i sve\u0107enika Milana Ker\u0161a.<br>Vele\u010dasni Milan, kako su ga svi naj\u010de\u0161\u0107e zvali, rijetko je govorio o sebi, jo\u0161 manje ne\u0161to negativno o drugima, probleme nije isticao kao probleme nego kao mogu\u0107nosti za nove iskorake i izazove koje treba rije\u0161iti u svjetlu vjere u Isusa Krista i crkvenog nauka. Bio je uvijek spreman darovati vrijeme svakome tko je osje\u0107ao potrebu razgovarati sa sve\u0107enikom o bilo \u010demu. S obzirom na \u010dinjenicu da je toliko ljudi pro\u010ditalo objave o njemu, donosimo njegovu biografiju \u2013 u spomen njega i na sve one koji su sudjelovali i njegovom sve\u0107eni\u010dkom rastu i djelovanju.<\/p>\n\n\n\n<p>Vl\u010d. Milan Ker\u0161<br>sve\u0107enik<\/p>\n\n\n\n<p>Vl\u010d. Milan Ker\u0161, pedeset\u010detverogodi\u0161nji sve\u0107enik Bjelovarsko-kri\u017eeva\u010dke biskupije, poginuo je u 6. rujna u prometnoj nesre\u0107i koja se dogodila nedaleko od njegove roditeljske ku\u0107e, na lokalnoj cesti Macinec-Badli\u010dan-Sveti Urban u Me\u0111imurskoj \u017eupaniji, a uslijed slijetanja automobila s ceste.<br>Vl\u010d. Milan Ker\u0161 ro\u0111en je 4. prosinca 1968. u Ptuju u Sloveniji od majke Marije r. Novak i Stjepana Ker\u0161a. Kr\u0161ten je 29. prosinca iste godine u \u017eupnoj crkvi Svete Katarine dj. i m\u010d. u Gornjem Mihaljevcu kao Milan Stjepan Ker\u0161. Tu je primio i Prvu svetu pri\u010dest 12. lipnja 1977., a potvr\u0111en je 3. srpnja 1982. godine. Nakon zavr\u0161ene osnovne \u0161kole koju je poha\u0111ao ovdje u Gornjem Mihaljevcu odlazi u Dje\u010da\u010dko sjemeni\u0161te na zagreba\u010dku \u0160alatu gdje je zavr\u0161io Interdijecezansku srednju \u0161kolu za spremanje sve\u0107enika i maturirao 20. lipnja 1987. godine.<br>Po odslu\u017eenju vojnog roka, u jesen 1988. godine primljen je u Nadbiskupsko bogoslovno sjemeni\u0161te u Zagrebu kao bogoslov &#8211; sve\u0107eni\u010dki kandidat Zagreba\u010dke nadbiskupije, te akademske godine 1988.\/1989. upisuje filozofsko-teolo\u0161ki studij na Katoli\u010dkom bogoslovnom fakultetu u Zagrebu, na kojem je diplomirao 1994. godine.<br>Stekav\u0161i sve uvjete za primanje svetog reda, zare\u0111en je za \u0111akona 10. listopada 1993. godine u zagreba\u010dkoj prvostolnici, a svoj \u0111akonski praktikum vr\u0161io je u \u017eupi svetih Petra i Pavla u Velikoj Gorici. Za sve\u0107enika ga je 26. lipnja 1994. zaredio zagreba\u010dki nadbiskup kardinal Franjo Kuhari\u0107 u zagreba\u010dkoj prvostolnici. Mladu misu slavio je 31. srpnja 1994. godine u zavi\u010dajnoj \u017dupi sv. Katarine dj. i m\u010d. u Gornjem Mihaljevcu.<br>Svoje sve\u0107eni\u010dko slu\u017eenje zapo\u010deo je 1. rujna 1994. godine kao \u017eupni vikar u \u017dupi Navje\u0161tenja BDM u Velikoj Gorici gdje ostaje tri godine, do 17. kolovoza 1997. Potom je premje\u0161ten u \u017dupu sv. Luke Evan\u0111elista u Zagrebu &#8211; Travno gdje je slu\u017ebu \u017eupnog vikara obna\u0161ao sljede\u0107e tri godine, od 24. kolovoza 1997. do 25. kolovoza 2000. godine.<br>Dekretom zagreba\u010dkog nadbiskupa Josipa Bozani\u0107a od 12. srpnja 2000. imenovan je \u017eupnikom u \u017eupi Sv. Mihaela Arkan\u0111ela u Zrinskom Topolovcu. Osnutkom Bjelovarsko-kri\u017eeva\u010dke biskupije 2009. godine, \u017eupa u Zrinskom Topolovcu pripala je toj novoosnovanoj biskupiji, a vl\u010d. Ker\u0161 je inkardiniran u Bjelovarsko-kri\u017eeva\u010dku biskupiju i odlukom biskupa mons. Vjekoslava Huzjaka i dalje ostao \u017eupnikom u toj \u017eupi do 2018. godine. Nakon 18 godina \u017eupni\u010dke slu\u017ebe u Zrinskom Topolovcu, vl\u010d. Ker\u0161 koristi godine svojevrsnog \u201esabaticuma\u201c, a po odluci biskupa Huzjaka u srpnju 2021. godine je imenovan \u017eupnikom u \u017eupi Sv. Petra apostola u Svetom Petru Orehovcu.<br>Uz svoje \u017eupni\u010dke obveze, bio je i povjerenikom za pastoral obitelji Bjelovarsko-kri\u017eeva\u010dke biskupije te je sudjelovao u organizaciji Prvog dana obitelji Bjelovarsko-kri\u017eeva\u010dke biskupije, na kojem je 27. rujna 2014 godine pozdravio sve nazo\u010dne. Cijeloga svojeg sve\u0107eni\u010dkog \u017eivota posebnu je pa\u017enju poklanjao starima i bolesnima, ali uz to, sigurno \u0107e ostati zapam\u0107en po posebnoj aktivnosti s mladima. Mnoge generacije mladih ljudi, ministranata i svih koji su ga susretali na nebrojenim planinarenjima i kri\u017enim putevima te susretima ministranata i raznim aktivnostima koje je vl\u010d. Ker\u0161 organizirao ili na njima sudjelovao, pamtiti po gorljivosti, dobroti i skromnosti.<br>Sve te kvalitete, usponi i padovi, jednog aktivnog, plodonosnog i zauzetoga sve\u0107eni\u010dkog \u017eivota vl\u010d. Ker\u0161a, istaknute su na sprovodnim obredima 9. rujna u \u017eupnoj crkvi Svete Katarine dj. i m\u010d. u Gornjem Mihaljevcu. Bjelovarsko-kri\u017eeva\u010dki biskup Huzjak predvodio je misno slavlje i propovijedao, a prije po\u010detka misnoga slavlja gornjomihaljeve\u010dki \u017eupnik vl\u010d. Mislav Mikac izrekao je \u017eivotopis vl\u010d. Ker\u0161a. Poslije popri\u010desne molitve u\u010ditelj iz Zrinskog Topolovca Vlado Karagi\u0107, i Katarina Pofuk \u017eupljanka \u017eupe u Svetom Petru Orehovcu, iskrenim su se govorima prijateljski oprostili od pokojnika, pohvaliv\u0161i njegov pastoralni rad i ljudsku blizinu sa svakim \u010dovjekom.<br>Od \u017eupne crkve do mjesnog groblja razvila se vrlo slikovita rijeka ljudi koji su ispratili lijes s pokojnim vl\u010d. Ker\u0161om do obiteljske grobnice u koju je sahranjen uz molitve okupljenih i pjesme popra\u0107ene ritmom \u017ei\u010danih instrumenata. Pjesme njegovih vjerou\u010denika, kao i rije\u010di vjerou\u010ditelja Radovana Libri\u0107a, pokojnikova prijatelja i suputnika na mnogim planinarskim kri\u017enim putevima i katehezama, odzvanjale su nakon zavr\u0161nog blagoslova u brojnim srcima i \u201ese do kraja maloga Me\u0111imurja\u201c.<\/p>\n","protected":false},"excerpt":{"rendered":"<p>Koliko jedna obavijest o smrti sve\u0107enika mo\u017ee pobuditi zanimanje u vrijeme masovnih medija i kako smrt mo\u017ee postati vijest unato\u010d svakodnevnim umiranjima? Ne\u0161to neo\u010dekivano, i beskrajno pozitivne reakcije, svjedo\u010de dvije objave na<a class=\"moretag\" href=\"https:\/\/ekosspiritus.hr\/index.php\/2022\/09\/20\/izazov-svecenikove-smrti-u-spomen-vlc-milanu-kersu\/\">Read More&#8230;<\/a><\/p>\n","protected":false},"author":2,"featured_media":0,"comment_status":"closed","ping_status":"open","sticky":false,"template":"","format":"standard","meta":{"footnotes":""},"categories":[1],"tags":[],"class_list":["post-1669","post","type-post","status-publish","format-standard","hentry","category-ekosspiritus"],"_links":{"self":[{"href":"https:\/\/ekosspiritus.hr\/index.php\/wp-json\/wp\/v2\/posts\/1669","targetHints":{"allow":["GET"]}}],"collection":[{"href":"https:\/\/ekosspiritus.hr\/index.php\/wp-json\/wp\/v2\/posts"}],"about":[{"href":"https:\/\/ekosspiritus.hr\/index.php\/wp-json\/wp\/v2\/types\/post"}],"author":[{"embeddable":true,"href":"https:\/\/ekosspiritus.hr\/index.php\/wp-json\/wp\/v2\/users\/2"}],"replies":[{"embeddable":true,"href":"https:\/\/ekosspiritus.hr\/index.php\/wp-json\/wp\/v2\/comments?post=1669"}],"version-history":[{"count":1,"href":"https:\/\/ekosspiritus.hr\/index.php\/wp-json\/wp\/v2\/posts\/1669\/revisions"}],"predecessor-version":[{"id":1670,"href":"https:\/\/ekosspiritus.hr\/index.php\/wp-json\/wp\/v2\/posts\/1669\/revisions\/1670"}],"wp:attachment":[{"href":"https:\/\/ekosspiritus.hr\/index.php\/wp-json\/wp\/v2\/media?parent=1669"}],"wp:term":[{"taxonomy":"category","embeddable":true,"href":"https:\/\/ekosspiritus.hr\/index.php\/wp-json\/wp\/v2\/categories?post=1669"},{"taxonomy":"post_tag","embeddable":true,"href":"https:\/\/ekosspiritus.hr\/index.php\/wp-json\/wp\/v2\/tags?post=1669"}],"curies":[{"name":"wp","href":"https:\/\/api.w.org\/{rel}","templated":true}]}}