{"id":1675,"date":"2022-09-24T09:22:39","date_gmt":"2022-09-24T09:22:39","guid":{"rendered":"https:\/\/ekosspiritus.hr\/?p=1675"},"modified":"2022-09-24T09:22:41","modified_gmt":"2022-09-24T09:22:41","slug":"dogodilo-se-blagoslov-pila-sv-jakova","status":"publish","type":"post","link":"https:\/\/ekosspiritus.hr\/index.php\/2022\/09\/24\/dogodilo-se-blagoslov-pila-sv-jakova\/","title":{"rendered":"DOGODILO SE: Blagoslov pila sv. Jakova"},"content":{"rendered":"\n<p>Blagoslov pila sv. Jakova na Vrhov\u010daku<\/p>\n\n\n\n<p>Pil je javni spomenik na visokom monolitnom stupu.<\/p>\n\n\n\n<p>Hodo\u010da\u0161\u0107e je putovanje u vjersko sredi\u0161te, tradicionalno pje\u0161ice.<\/p>\n\n\n\n<p>Zavjet je sve\u010dano obe\u0107anje Bogu kako bi se ishodila neka milost.<\/p>\n\n\n\n<p>Hodo\u010dasnik je osoba koja se nalazi na hodo\u010da\u0161\u0107u.<\/p>\n\n\n\n<p>Dvojica hodo\u010dasnika, Radovan Libri\u0107 i Vlado Kenda, dali su zavjet na &nbsp;putovanju pje\u0161ice prema grobu sv. Jakova u gradu Santiago de Compostela i u znak toga donijeli iz \u0160panjolske kip sveca kojemu su se svojim molitvama i povjerenjem utjecali. Deset godina nakon sretnog povratka s \u010detrdeset dana duga\u010dkog hodo\u010da\u0161\u0107a zavjet je potpuno ispunjen ure\u0111enjem pila u koji su ugradili lik sv. Jakova, kupljen na kraju hoda, na mjestu Vrhov\u010dak iznad Cerine.<\/p>\n\n\n\n<p>Veliki broj mje\u0161tana i prijatelja okupio se u petak, 23. rujna 2022. na sve\u010danom euharistijskom slavlju i blagoslovu koje je predvodio vl\u010d. Domagoj Mato\u0161evi\u0107, tako\u0111er hodo\u010dasnik svetoga Jakova. U propovijedi je naglasio va\u017enost prepoznavanja znakova koji nam u svakodnevici otkrivaju na\u010dine kako mo\u017eemo do\u0107i bli\u017ee Bogu. Nagla\u0161eno je kako je pil sv. Jakova nastao zbog puta i podignut na putu, mjestu gdje \u0107e brojni prolaznici, otvoreni za promatranje i otkrivanje, mo\u0107i u njegovom liku prona\u0107i utjehu i snagu za svoj svakodnevni \u017eivot.<\/p>\n\n\n\n<p>U misnom slavlju su koncelebrirali vl\u010d. Domagoj Mato\u0161evi\u0107, rektor nacionalnog marijanskog sveti\u0161ta u Mariji Bistrici; mons. Antun Sente, rektor nacionalnog sveti\u0161ta sv. Josipa u Karlovcu; vl\u010d. Vlado Razum, rektor kapele Corpus Domini; mons. Nedjeljko Pintari\u0107 i vl\u010d. Josip \u010culig, upravitelj \u017eupe sv. Ivana Krstitelja u Lugu Samoborskom. S nama je bio i predsjednik udruge Ekosspiritus Tomislav Ivir.<\/p>\n\n\n\n<p>Na misi su u sve\u010danim samoborskim no\u0161njama sudjelovali \u010dlanovi udruge sv. Izidora Seljaka &nbsp;koje je predvodila predsjednica Branka Toth, te u bratov\u0161tinskim odijelima \u010dlanovi Bratov\u0161tine sv. Jakova sa svojim predsjednikom Antom Bla\u017eevi\u0107em. Oni su i animirali euharistijsko slavlje \u010ditanjem i prinosom darova. Prigodne tekstove posebno za ovu prigodu napisala je Katarina Pu\u010dar. Sviranje i pjevanje na misi predvodio je Mario Bla\u017eanovi\u0107.<\/p>\n\n\n\n<p>Tradicionalna drvena ku\u0107a i pil bili su sve\u010dano ukra\u0161eni cvije\u0107em, licitarskim srcima, narodnim ru\u010dnicima i girlandama oko \u010dega su pomogle Ana i Andrea Mrkus, Vlasta hr\u017ei\u0107, Branka Toth i Lidija Momi\u0107. Na samom pilu radili su: Ivan Bi\u0161\u010dan kao zidar, Lidija Momi\u0107 u ure\u0111enju unutra\u0161njosti, Vlado Kanceljak izradio je metalno ku\u0107i\u0161te, Ante Bla\u017eevi\u0107 konstrukciju krova, u organizaciji izrade \u0161indre u Gorskom Kotaru pomogla je obitelj Bri\u0161ki iz Skrada, dok je kri\u017e na vrhu izradio Bo\u017eidar Hat.<\/p>\n\n\n\n<p>U nastavku svje\u017ee jesenske ve\u010deri okupljeni su toplinu prona\u0161li u odli\u010dnom gula\u0161u koji je pripremio Ante Bla\u017eevi\u0107 i sve nas zagrijao i okrijepio. \u017dene su ve\u010deru upotpunile doma\u0107im kruhom i kola\u010dima. Da svi imaju gdje sjesti, posu\u0111eni su stolovi i klupe iz mjesnih odbora Kon\u0161\u010dica i Domaslovec, oko \u010dega su brigu vodili \u010dlanovi obitelji Razum i Bla\u017eevi\u0107. Za dodatno ugrijavanje grla i hladnih nogu pobrinuli su se tambura\u0161i.<\/p>\n\n\n\n<p>Ovaj pil sv. Jakova kod ku\u0107e obitelji Libri\u0107 postao je jedan od oko 140 sakralnih objekata raspr\u0161enih diljem Samoborskog gorja, kao znak vjere stanovnika ovog kraja.<\/p>\n","protected":false},"excerpt":{"rendered":"<p>Blagoslov pila sv. Jakova na Vrhov\u010daku Pil je javni spomenik na visokom monolitnom stupu. Hodo\u010da\u0161\u0107e je putovanje u vjersko sredi\u0161te, tradicionalno pje\u0161ice. Zavjet je sve\u010dano obe\u0107anje Bogu kako bi se ishodila neka<a class=\"moretag\" href=\"https:\/\/ekosspiritus.hr\/index.php\/2022\/09\/24\/dogodilo-se-blagoslov-pila-sv-jakova\/\">Read More&#8230;<\/a><\/p>\n","protected":false},"author":2,"featured_media":0,"comment_status":"closed","ping_status":"open","sticky":false,"template":"","format":"standard","meta":{"footnotes":""},"categories":[1],"tags":[],"class_list":["post-1675","post","type-post","status-publish","format-standard","hentry","category-ekosspiritus"],"_links":{"self":[{"href":"https:\/\/ekosspiritus.hr\/index.php\/wp-json\/wp\/v2\/posts\/1675","targetHints":{"allow":["GET"]}}],"collection":[{"href":"https:\/\/ekosspiritus.hr\/index.php\/wp-json\/wp\/v2\/posts"}],"about":[{"href":"https:\/\/ekosspiritus.hr\/index.php\/wp-json\/wp\/v2\/types\/post"}],"author":[{"embeddable":true,"href":"https:\/\/ekosspiritus.hr\/index.php\/wp-json\/wp\/v2\/users\/2"}],"replies":[{"embeddable":true,"href":"https:\/\/ekosspiritus.hr\/index.php\/wp-json\/wp\/v2\/comments?post=1675"}],"version-history":[{"count":1,"href":"https:\/\/ekosspiritus.hr\/index.php\/wp-json\/wp\/v2\/posts\/1675\/revisions"}],"predecessor-version":[{"id":1676,"href":"https:\/\/ekosspiritus.hr\/index.php\/wp-json\/wp\/v2\/posts\/1675\/revisions\/1676"}],"wp:attachment":[{"href":"https:\/\/ekosspiritus.hr\/index.php\/wp-json\/wp\/v2\/media?parent=1675"}],"wp:term":[{"taxonomy":"category","embeddable":true,"href":"https:\/\/ekosspiritus.hr\/index.php\/wp-json\/wp\/v2\/categories?post=1675"},{"taxonomy":"post_tag","embeddable":true,"href":"https:\/\/ekosspiritus.hr\/index.php\/wp-json\/wp\/v2\/tags?post=1675"}],"curies":[{"name":"wp","href":"https:\/\/api.w.org\/{rel}","templated":true}]}}