{"id":1688,"date":"2022-10-17T15:46:28","date_gmt":"2022-10-17T15:46:28","guid":{"rendered":"https:\/\/ekosspiritus.hr\/?p=1688"},"modified":"2022-10-17T15:46:31","modified_gmt":"2022-10-17T15:46:31","slug":"dodgodilo-se-izlet-na-ucku","status":"publish","type":"post","link":"https:\/\/ekosspiritus.hr\/index.php\/2022\/10\/17\/dodgodilo-se-izlet-na-ucku\/","title":{"rendered":"DODGODILO SE: Izlet na U\u010dku"},"content":{"rendered":"\n<p>U subotu, 15. listopada 2022. godine \u010dlanovi Planinarskog dru\u0161tva &#8220;Sv. Patrika&#8221; okupili su se na jednodnevnom izletu na U\u010dku. <\/p>\n\n\n\n<p>Vesela ekipa stigla na po\u010detak staze Poklon-Vojak, u ti\u0161ini smo se pomolili i krenuli na jesenjim suncem okupanu stazu. Uz smijeh i \u0161u\u0161tanje li\u0161\u0107a pod nogama penjali smo se prema na\u0161em dana\u0161njem cilju, vrhu Vojak. Uz prekrasan sun\u010dan dan kakav samo mo\u017eemo po\u017eeljeti, u\u017eivali smo u prirodi i\u00a0 polako do\u0161li do kule, dana\u0161njeg cilja. Penjemo se i\u00a0 tu divljenju nema kraja, pomalo nas zatekla ta ljepota,\u00a0 taj pogled, fotkamo, ruke su spremne za poletjeti. Svjesni smo da ne\u0107emo mo\u0107i uspjeti prenijeti svu tu ljepotu, ali bar malo. Tu je i du\u017ea pauza, lje\u0161karimo na suncu, jedemo, dru\u017eimo se&#8230;a, onda imitacija povika: &#8220;Ideeeemooo&#8221;. Slijedi spust, zahtjevan, izazovan, druga\u010diji. Jedan za drugim oprezno se spu\u0161tamo oko kamena, a iz trave izviruju gljive te pokoji cvijet koji se grije na suncu kao i mi. Prije povratka imamo jo\u0161 jedan dio za vidjeti, staza dvadesetak minuta, opet smo u \u0161arenilu \u0161ume i mirisu suhog li\u0161\u0107a. Sti\u017eemo i vidimo pod U\u010dkom ku\u0107ice bele, mi\u0107e, kot suzice vele&#8230;opet fotke. Slijedi lagani povratak, to bi bilo tre\u0107e iznena\u0111enje, staza puna li\u0161\u0107a, osun\u010dana. Jedini smo u \u0161umi pa smo se malo ra\u0161trkali. Prikupljamo se ispred PD Poklon uz Dragine\u00a0 buhtle, pite i pivo, kavice i predivno osoblje doma polako zavr\u0161avamo ovaj sun\u010dani planinarski dan. Umorni i duboko svjesni kako je na\u0161a Hrvatska prelijepa zavalimo se u sjedala na\u0161eg busa. Brzo se opet \u010duje poznati smijeh s po\u010detka dana, sigurni vra\u0107amo se na\u0161im domovima, zahvalni na\u0161em Bogu na ovakvom danu.\u00a0(Valentina Vuksan)<\/p>\n\n\n\n<p>Fotografije mo\u017eete pogledati na facebook profilu udruge.<\/p>\n\n\n\n<p><\/p>\n","protected":false},"excerpt":{"rendered":"<p>U subotu, 15. listopada 2022. godine \u010dlanovi Planinarskog dru\u0161tva &#8220;Sv. Patrika&#8221; okupili su se na jednodnevnom izletu na U\u010dku. Vesela ekipa stigla na po\u010detak staze Poklon-Vojak, u ti\u0161ini smo se pomolili i<a class=\"moretag\" href=\"https:\/\/ekosspiritus.hr\/index.php\/2022\/10\/17\/dodgodilo-se-izlet-na-ucku\/\">Read More&#8230;<\/a><\/p>\n","protected":false},"author":2,"featured_media":0,"comment_status":"closed","ping_status":"open","sticky":false,"template":"","format":"standard","meta":{"footnotes":""},"categories":[1],"tags":[],"class_list":["post-1688","post","type-post","status-publish","format-standard","hentry","category-ekosspiritus"],"_links":{"self":[{"href":"https:\/\/ekosspiritus.hr\/index.php\/wp-json\/wp\/v2\/posts\/1688","targetHints":{"allow":["GET"]}}],"collection":[{"href":"https:\/\/ekosspiritus.hr\/index.php\/wp-json\/wp\/v2\/posts"}],"about":[{"href":"https:\/\/ekosspiritus.hr\/index.php\/wp-json\/wp\/v2\/types\/post"}],"author":[{"embeddable":true,"href":"https:\/\/ekosspiritus.hr\/index.php\/wp-json\/wp\/v2\/users\/2"}],"replies":[{"embeddable":true,"href":"https:\/\/ekosspiritus.hr\/index.php\/wp-json\/wp\/v2\/comments?post=1688"}],"version-history":[{"count":1,"href":"https:\/\/ekosspiritus.hr\/index.php\/wp-json\/wp\/v2\/posts\/1688\/revisions"}],"predecessor-version":[{"id":1689,"href":"https:\/\/ekosspiritus.hr\/index.php\/wp-json\/wp\/v2\/posts\/1688\/revisions\/1689"}],"wp:attachment":[{"href":"https:\/\/ekosspiritus.hr\/index.php\/wp-json\/wp\/v2\/media?parent=1688"}],"wp:term":[{"taxonomy":"category","embeddable":true,"href":"https:\/\/ekosspiritus.hr\/index.php\/wp-json\/wp\/v2\/categories?post=1688"},{"taxonomy":"post_tag","embeddable":true,"href":"https:\/\/ekosspiritus.hr\/index.php\/wp-json\/wp\/v2\/tags?post=1688"}],"curies":[{"name":"wp","href":"https:\/\/api.w.org\/{rel}","templated":true}]}}