{"id":1704,"date":"2023-02-10T13:30:31","date_gmt":"2023-02-10T13:30:31","guid":{"rendered":"https:\/\/ekosspiritus.hr\/?p=1704"},"modified":"2023-02-10T13:30:33","modified_gmt":"2023-02-10T13:30:33","slug":"najavljujemo-izlet-na-klek-2","status":"publish","type":"post","link":"https:\/\/ekosspiritus.hr\/index.php\/2023\/02\/10\/najavljujemo-izlet-na-klek-2\/","title":{"rendered":"NAJAVLJUJEMO: Izlet na Klek"},"content":{"rendered":"\n<p>HPD sv. Patrik poziva sve \u010dlanove i prijatelje na jednodnevni planinarski izlet 11. o\u017eujka 2023. &nbsp;na Klek.<\/p>\n\n\n\n<p>Za Klek se ka\u017ee da je kolijevka planinarstva u Hrvatskoj, mitska planina pored Ogulina o kojoj su ispripovijedane brojne legende. Taj uspavani div je bio vrelo inspiracija \u010dak i za veliku Ivanu Brli\u0107-Ma\u017eurani\u0107.<\/p>\n\n\n\n<p>Ovog puta \u0107emo posjetiti tu planinu u rano prolje\u0107e, kada listovi tek po\u010dinju svoj cvat, a snijeg i led se jo\u0161 uvijek zadr\u017eavaju na nekim mjestima.<\/p>\n\n\n\n<p>Uspon zapo\u010dinjemo kra\u0107om stazom do planinarskog doma, oko 1h hoda, pa \u0107emo nakon kra\u0107e pauze odlu\u010diti tko \u017eeli nastaviti do vrha, a tko \u0107e ostati u\u017eivati u toplini doma.<\/p>\n\n\n\n<p>Spust \u0107e potrajati malo du\u017ee, oko 3h laganog hoda uz najljep\u0161e poglede na sam vrh Kleka, isprepleten lijepim i raznolikim \u0161umskim stazama.<\/p>\n\n\n\n<p>Po povratku do autobusa planiran je kasni ru\u010dak kod jezera Sabljaci, te povratak u Zagreb.<\/p>\n\n\n\n<p>Organizacijske napomene:<\/p>\n\n\n\n<p>Polazak iz Zagreba, ju\u017eni parking Nacionalne i sveu\u010dili\u0161ne biblioteke u 7:00 h,o\u010dekivani povratak u Zagreb oko 20:00h.<\/p>\n\n\n\n<p>Mogu\u0107e je da \u0107e staza biti na mjestima zale\u0111ena, pa je obavezna oprema za takve uvjete (mini dereze, \u017eabice), naro\u010dito za one koji \u017eele penjati se od planinarskog doma do vrha. Na tom dijelu postoji i kratak uspon preko sajle koja zahtjeva vi\u0161e spretnosti i nije pogodan za one koji imaju strah od visine.<\/p>\n\n\n\n<p>Spremanje uklju\u010duje toplu i slojevitu odje\u0107u, planinarske cipele ili gojzerice, opremu prilago\u0111ena vremenskim uvjetima.<\/p>\n\n\n\n<p>Na putu do vrha je planinarski dom, no ne poslu\u017euje hranu, samo pi\u0107a. Tamo \u0107e pri\u010dekati grupa koja se \u017eeli vi\u0161e dru\u017eiti ili nije spremna za te\u017ei dio uspona, ru\u010dak iz ruksaka.<\/p>\n\n\n\n<p>Planirani efektivni dio hoda oko 4h.<\/p>\n\n\n\n<p>Po silasku idemo autobusom do jezera Sabljaci na okrepu, kasni ru\u010dak tko \u017eeli, ovisno o broju prijavljenih.<\/p>\n\n\n\n<p>Cijena izleta je 18\u20ac, te dodatak za kasni ru\u010dak prema dogovoru. Uplate \u0107e se mo\u0107i obaviti u Harats Pub na Dolcu od 17:00 -20:00 h&nbsp; 1. o\u017eujka 2023g.<\/p>\n\n\n\n<p>Prijave na broj telefona 0996091098, Danijel (ako je mogu\u0107e iza 16h zbog posla).<\/p>\n\n\n\n<p>Uplatom potvr\u0111ujete sudjelovanje na izletu, te svaki prijavljeni jam\u010di da je sposoban sudjelovati na izletu i da \u0107e po\u0161tivati i slijediti upute vodi\u010da. U slu\u010daju nepovoljnih uvjeta organizator mo\u017ee izmijeniti plan izleta.<\/p>\n\n\n\n<p>Zahvaljujemo se unaprijed na prijavama i veselimo se va\u0161em sudjelovanju!<\/p>\n\n\n\n<p>HPD sv. Patrik<\/p>\n","protected":false},"excerpt":{"rendered":"<p>HPD sv. Patrik poziva sve \u010dlanove i prijatelje na jednodnevni planinarski izlet 11. o\u017eujka 2023. &nbsp;na Klek. Za Klek se ka\u017ee da je kolijevka planinarstva u Hrvatskoj, mitska planina pored Ogulina o<a class=\"moretag\" href=\"https:\/\/ekosspiritus.hr\/index.php\/2023\/02\/10\/najavljujemo-izlet-na-klek-2\/\">Read More&#8230;<\/a><\/p>\n","protected":false},"author":2,"featured_media":0,"comment_status":"closed","ping_status":"open","sticky":false,"template":"","format":"standard","meta":{"footnotes":""},"categories":[1],"tags":[],"class_list":["post-1704","post","type-post","status-publish","format-standard","hentry","category-ekosspiritus"],"_links":{"self":[{"href":"https:\/\/ekosspiritus.hr\/index.php\/wp-json\/wp\/v2\/posts\/1704","targetHints":{"allow":["GET"]}}],"collection":[{"href":"https:\/\/ekosspiritus.hr\/index.php\/wp-json\/wp\/v2\/posts"}],"about":[{"href":"https:\/\/ekosspiritus.hr\/index.php\/wp-json\/wp\/v2\/types\/post"}],"author":[{"embeddable":true,"href":"https:\/\/ekosspiritus.hr\/index.php\/wp-json\/wp\/v2\/users\/2"}],"replies":[{"embeddable":true,"href":"https:\/\/ekosspiritus.hr\/index.php\/wp-json\/wp\/v2\/comments?post=1704"}],"version-history":[{"count":1,"href":"https:\/\/ekosspiritus.hr\/index.php\/wp-json\/wp\/v2\/posts\/1704\/revisions"}],"predecessor-version":[{"id":1705,"href":"https:\/\/ekosspiritus.hr\/index.php\/wp-json\/wp\/v2\/posts\/1704\/revisions\/1705"}],"wp:attachment":[{"href":"https:\/\/ekosspiritus.hr\/index.php\/wp-json\/wp\/v2\/media?parent=1704"}],"wp:term":[{"taxonomy":"category","embeddable":true,"href":"https:\/\/ekosspiritus.hr\/index.php\/wp-json\/wp\/v2\/categories?post=1704"},{"taxonomy":"post_tag","embeddable":true,"href":"https:\/\/ekosspiritus.hr\/index.php\/wp-json\/wp\/v2\/tags?post=1704"}],"curies":[{"name":"wp","href":"https:\/\/api.w.org\/{rel}","templated":true}]}}