{"id":1709,"date":"2023-02-19T18:45:04","date_gmt":"2023-02-19T18:45:04","guid":{"rendered":"https:\/\/ekosspiritus.hr\/?p=1709"},"modified":"2023-02-19T18:50:13","modified_gmt":"2023-02-19T18:50:13","slug":"godisnji-plan-za-2023","status":"publish","type":"post","link":"https:\/\/ekosspiritus.hr\/index.php\/2023\/02\/19\/godisnji-plan-za-2023\/","title":{"rendered":"Godi\u0161nji plan za 2023."},"content":{"rendered":"\n<p>UDRUGA EKOSSPIRITUS<\/p>\n\n\n\n<p>\u0160ipa\u010dki Breg, Cerina 61, Samobor<\/p>\n\n\n\n<p>Okvirni plan za 2023. godinu<\/p>\n\n\n\n<p>Udruga Ekosspiritus osniva\u010d je jo\u0161 dvije udruge, koje djeluju u zajedni\u0161tvu: Hrvatsko planinarsko dru\u0161tvo sv. Patrika i Bratov\u0161tina sv. Jakova apostola, te \u010detiri sekcije: Dru\u0161tvo sv. Izidora Seljaka, Obiteljska zajednica Ekosspiritus, Zajednica Planinarskog kri\u017enog puta udruge Ekosspiritus i Katehetski tim Ekosspiritus.<\/p>\n\n\n\n<p>PRVIH 25 GODINA UDRUGE (2001. \u2013 2026.)<\/p>\n\n\n\n<p>Priprema za proslavu prvih 25 godina djelovanja Udruge Ekosspiritus bit \u0107e kroz hodo\u010da\u0161\u0107a na mjesta s kojima nas povezuju sveci koje posebno \u0161tujemo u udruzi.<\/p>\n\n\n\n<p>2023. Priprema hodo\u010da\u0161\u0107a za Rim<\/p>\n\n\n\n<p>2024. (kolovoz) Hodo\u010da\u0161\u0107e u Rim (pje\u0161ice Asiz \u2013 Rim)<\/p>\n\n\n\n<p>2024. (srpanj) Hodo\u010da\u0161\u0107e u Irsku sv. Patriku<\/p>\n\n\n\n<p>2025. (srpanj) Hodo\u010da\u0161\u0107e u Francusku i \u0160panjolsku, sv. Jakovu apostolu u Santiago de Compostela i sv. Izidoru Seljaku u Madrid, te Majci Bo\u017ejoj u Lurd.<\/p>\n\n\n\n<p>2026. (rujan) Izdavanje monografije o radu Udruge Ekosspiritus (prvih 25 godina)<\/p>\n\n\n\n<p>Planiramo izdati i knjige:<\/p>\n\n\n\n<p>2023. Knjiga o Bratov\u0161tini sv. Jakova<\/p>\n\n\n\n<p>&nbsp;&nbsp;&nbsp;&nbsp;&nbsp;&nbsp;&nbsp;&nbsp;&nbsp; Knjiga \u201eDobar seljak Ivan i njegov kardinal\u201c (o seljaku Ivanu Razumu i narodnoj no\u0161nji \u017eupe Svetog Martina pod Oki\u0107em)<\/p>\n\n\n\n<p>2024. Knjiga o Bistri\u010dkom pro\u0161tenju grada Samobora u Mariji Bistrici<\/p>\n\n\n\n<p>2025. Knjiga s 53.meditacije u sje\u0107anje na vl\u010d. Milana Ker\u0161a<\/p>\n\n\n\n<p>Priprema se i dokumentacija i drva za podizanje eremitorija na Cerini (u po\u010detku tri bungalova).<\/p>\n\n\n\n<p><\/p>\n\n\n\n<p>2023. godina &#8211; Plan rada po mjesecima<\/p>\n\n\n\n<p>Sije\u010danj<\/p>\n\n\n\n<p>5. 1. (\u010detvrtak) Zvezdari<\/p>\n\n\n\n<p>15. 1. \u017dupni blagdan sv. Anastazije<\/p>\n\n\n\n<p>Velja\u010da<\/p>\n\n\n\n<p>4. 2. Hodo\u010da\u0161\u0107e u Kra\u0161i\u0107 pje\u0161ice<\/p>\n\n\n\n<p>19. 2. Planinarski izlet u Samoborsko gorje<\/p>\n\n\n\n<p>O\u017eujak<\/p>\n\n\n\n<p>3. i 4. 3. (petak\/subota) Klanjanje na Cerini<\/p>\n\n\n\n<p>11. 3. (subota) Planinarski izlet na Klek<\/p>\n\n\n\n<p>18. 3. (subota) proslava sv. Patrika na Cerini<\/p>\n\n\n\n<p>25. i 26. 3. (subota i nedjelja) 71. Planinarski kri\u017eni put: Jastrebarsko \u2013 Dragani\u0107 &#8211; Karlovac<\/p>\n\n\n\n<p>Travanj<\/p>\n\n\n\n<p>7. i 8. 4. (Veliki \u010cetvrtak \/ Veliki petak ) No\u0107ni kri\u017eni put<\/p>\n\n\n\n<p>10. 4. (Uskrsni ponedjeljak) Put svjetla; Put u Emaus<\/p>\n\n\n\n<p>22. 4. (subota) Planinarski izlet na Kalnik<\/p>\n\n\n\n<p>Svibanj<\/p>\n\n\n\n<p>1.5. (ponedjeljak) Planinarski izlet na Petrovu Goru<\/p>\n\n\n\n<p>7. 5. (subota) Planinarski izlet na Sljeme<\/p>\n\n\n\n<p>13. i 14. 5. (subota i nedjelja) Izlet Obiteljske zajednice u Gorski Kotar, Tr\u0161\u0107e<\/p>\n\n\n\n<p>21. 5. (subota) Hrvatska kakvu ne poznajete: \u017eupna crkva sv. Izidora, Divjake<\/p>\n\n\n\n<p>27. 5. (subota) Planinarski izlet u Goru , sveti\u0161te Majke Bo\u017eje<\/p>\n\n\n\n<p>Lipanj<\/p>\n\n\n\n<p>8, 9, 10. i 11. 6. (\u010detvrtak \u2013 nedjelja) Lijepa li si&#8230;<\/p>\n\n\n\n<p>Srpanj<\/p>\n\n\n\n<p>7. \u2013 9. 7. (petak \u2013 nedjelja) Dje\u010dji planinarski kamp na Cerini<\/p>\n\n\n\n<p>12. 7. (srijeda) Hrvatska kakvu ne poznajete: Marija Bistrica, procesija do Viskog vrha<\/p>\n\n\n\n<p>17 \u2013 21. 7. (ponedjeljak \u2013 petak) Ljetni kamp na Zavi\u017eanu \u2013 Velebit<\/p>\n\n\n\n<p>Kolovoz<\/p>\n\n\n\n<p>1\u2013 5. 8. Hodo\u010da\u0161\u0107e Majci Bo\u017ejoj Bistri\u010dkoj (Grad Samobor)<\/p>\n\n\n\n<p>Rujan<\/p>\n\n\n\n<p>2. 9. (subota) \u00a0Izlet \u201ePutevima vl\u010d. Milana Ker\u0161a\u201c, Me\u0111imurje<\/p>\n\n\n\n<p>9. i 10. 9. (subota\/nedjelja) Hodo\u010da\u0161\u0107e grada Zagreba u Mariju Bistricu, pje\u0161ice preko Sljemena<\/p>\n\n\n\n<p>9. 9. (subota) Planinarski izlet na &nbsp;Ljubi\u010dko brdo<\/p>\n\n\n\n<p>23. i 24. 9. (subota i nedjelja) Planinarski izlet na Papuk<\/p>\n\n\n\n<p>Listopad<\/p>\n\n\n\n<p>7. i 8. 10. (subota i nedjelja) 72. Planinarski kri\u017eni put<\/p>\n\n\n\n<p>15. 10. (nedjelja) Planinarski izlet na Hrastove\u010dku goru<\/p>\n\n\n\n<p>Studeni<\/p>\n\n\n\n<p>25. 11. (subota) Planinarski izlet na Ivan\u010dicu<\/p>\n\n\n\n<p>Prosinac<\/p>\n\n\n\n<p>9. 12. (subota) Advent u Austriji, Mariazell<\/p>\n\n\n\n<p>16. 12. (subota) Ki\u0107enje planinarskog doma \u201eCerinski vir\u201c na Cerini<\/p>\n\n\n\n<p>23. 12. (subota) slaganje jaslica u Gradskom poglavarstvu<\/p>\n\n\n\n<p>Sije\u010danj 2024.<\/p>\n\n\n\n<p>5. 1. (petak) Zvezdari<\/p>\n\n\n\n<p>27. 1. (nedjelja) Zimsko hodo\u010da\u0161\u0107e na sv. Geru<\/p>\n\n\n\n<p>I jo\u0161\u2026<\/p>\n\n\n\n<ul class=\"wp-block-list\"><li>3. prosinca Izlo\u017eba Dveri,<\/li><li>Likovna kolonija \u010dlanova likovne akademije<\/li><li>Zavr\u0161etak izrade kostima iz srednjeg vijeka (20 \u2013 25 kostima)<\/li><\/ul>\n\n\n\n<p>Planinarski dom Cerinski Vir i dalje \u0107e voditi Vlado, a uz njega \u0107e biti jo\u0161 tri \u201eprofesionalna de\u017eurna\u201c. Pozivamo \u010dlanove svih sekcija Udruge na de\u017eurstvo, pomo\u0107 na domu jedan vikend u godini.<\/p>\n\n\n\n<p>Dom ne\u0107e raditi 2. travnja (Cvjetnica), 9. i 10. travnja (Velika subota, Uskrs), \u010ditav srpanj i kolovoz, te 25. i 26. prosinca (Bo\u017ei\u0107, sv. Stjepan).<\/p>\n\n\n\n<p>Planiramo radne akcije na Cerini (popravak mosta uz Cerinski vir), nastavak radova oko kri\u017ea na Cerini, radovi u tradicijskoj ku\u0107i na Cerini.<\/p>\n\n\n\n<p>Izradit \u0107emo i dodatna obilje\u017eja za udrugu.<\/p>\n\n\n\n<p>Molitvom, volontiranjem i sudjelovanjem podr\u017eite svako na\u0161e nastojanje koje \u010dinimo za op\u0107e dobro!<\/p>\n","protected":false},"excerpt":{"rendered":"<p>UDRUGA EKOSSPIRITUS \u0160ipa\u010dki Breg, Cerina 61, Samobor Okvirni plan za 2023. godinu Udruga Ekosspiritus osniva\u010d je jo\u0161 dvije udruge, koje djeluju u zajedni\u0161tvu: Hrvatsko planinarsko dru\u0161tvo sv. Patrika i Bratov\u0161tina sv. Jakova<a class=\"moretag\" href=\"https:\/\/ekosspiritus.hr\/index.php\/2023\/02\/19\/godisnji-plan-za-2023\/\">Read More&#8230;<\/a><\/p>\n","protected":false},"author":2,"featured_media":0,"comment_status":"closed","ping_status":"open","sticky":false,"template":"","format":"standard","meta":{"footnotes":""},"categories":[1],"tags":[],"class_list":["post-1709","post","type-post","status-publish","format-standard","hentry","category-ekosspiritus"],"_links":{"self":[{"href":"https:\/\/ekosspiritus.hr\/index.php\/wp-json\/wp\/v2\/posts\/1709","targetHints":{"allow":["GET"]}}],"collection":[{"href":"https:\/\/ekosspiritus.hr\/index.php\/wp-json\/wp\/v2\/posts"}],"about":[{"href":"https:\/\/ekosspiritus.hr\/index.php\/wp-json\/wp\/v2\/types\/post"}],"author":[{"embeddable":true,"href":"https:\/\/ekosspiritus.hr\/index.php\/wp-json\/wp\/v2\/users\/2"}],"replies":[{"embeddable":true,"href":"https:\/\/ekosspiritus.hr\/index.php\/wp-json\/wp\/v2\/comments?post=1709"}],"version-history":[{"count":2,"href":"https:\/\/ekosspiritus.hr\/index.php\/wp-json\/wp\/v2\/posts\/1709\/revisions"}],"predecessor-version":[{"id":1711,"href":"https:\/\/ekosspiritus.hr\/index.php\/wp-json\/wp\/v2\/posts\/1709\/revisions\/1711"}],"wp:attachment":[{"href":"https:\/\/ekosspiritus.hr\/index.php\/wp-json\/wp\/v2\/media?parent=1709"}],"wp:term":[{"taxonomy":"category","embeddable":true,"href":"https:\/\/ekosspiritus.hr\/index.php\/wp-json\/wp\/v2\/categories?post=1709"},{"taxonomy":"post_tag","embeddable":true,"href":"https:\/\/ekosspiritus.hr\/index.php\/wp-json\/wp\/v2\/tags?post=1709"}],"curies":[{"name":"wp","href":"https:\/\/api.w.org\/{rel}","templated":true}]}}