{"id":172,"date":"2011-11-18T16:42:42","date_gmt":"2011-11-18T16:42:42","guid":{"rendered":"http:\/\/ekosspiritus.hr\/?p=172"},"modified":"2015-12-21T13:02:01","modified_gmt":"2015-12-21T13:02:01","slug":"lijepa-li-si-vukovar-i-ilok-jesen-2011","status":"publish","type":"post","link":"https:\/\/ekosspiritus.hr\/index.php\/2011\/11\/18\/lijepa-li-si-vukovar-i-ilok-jesen-2011\/","title":{"rendered":"Lijepa li si&#8230; VUKOVAR i ILOK jesen 2011."},"content":{"rendered":"<p>U Vukovar su se 18. studenog 2011. godine slile velike kolone putnika i hodo\u010dasnika iz svih krajeva Hrvatske. Toga dana Vukovar je postao, kao i ranijih godina, srce Domovine. Stigli smo i mi, ne\u0161to malo vi\u0161e od pedesetak \u010dlanova i prijatelja udruge. Stavili smo se u stav slu\u0161anja. U srca smo pohranjivali rije\u010di prigodnog programa izvo\u0111enog ispred bolnice u Vukovaru. Gledali smo po\u010detak kolone sje\u0107anja i tisu\u0107e barjaka, sudionike povijesnih postrojbi na\u0161e Domovine, ljude svih nara\u0161taja. Oni stariji doveli su najmla\u0111e kako bi u\u010dili o svojoj povijesti. Doveli su ih da se poklone \u017dRTVI grada koji je za\u0161titio Domovinu u samim po\u010decima rata. Gledali smo maglu koja se nadvila nad grad, slu\u0161ali smo kardinala Vinka Pulji\u0107a. Govorio je o \u017dRTVI. Gledali smo bijele kri\u017eeve na memorijalnom groblju. Kri\u017eeve koji su svjedo\u010dili \u017dRTVU. Posjetili smo \u017eupnu crkvu sv. Filipa i Jakova, novoure\u0111enu. Na jednom zidu visi kri\u017e koji nema vi\u0161e jedne ruke. Podsjetio nas je na \u017dRTVU Krista Gospodina u svakom vremenu. Obi\u0161li smo podrum bolnice koji svojim postavom svjedo\u010di na veliku \u017dRTVU svih onih koji su spa\u0161avali ranjene u vrlo te\u0161kim uvjetima. No\u0107ili smo u Tordincima, a doma\u0107in nam je bio Antun Maleti\u0107, ravnatelj, vjerou\u010ditelj i prijatelj udruge. Nismo mogli ne sjetiti se onih dana kada smo u o\u017eujku 2005. godine stigli u Tordince s 35. planinarskim kri\u017enim putem i uz Muku Gospodina Isusa u\u010dili o \u017dRTVI sela koje je protjerano iz svojih ognji\u0161ta. Okupili smo se na kraju dana u katehezi zanimljivog naslova \u2013 Mi smo pjesma Lijepe Na\u0161e. Razgovarali smo o aktualnoj situaciji u Domovini i oboga\u0107ivali svojim razmi\u0161ljanjem jedi druge.<br \/>\nSubotu, 19. studenog, zapo\u010deli smo na Trpinskoj cesti i slu\u0161ali gospodina Ivan Luki\u0107a, zvanog \u2013 Zolja, branitelja, umirovljenog ratnog vojnog invalida s po\u010dasnim \u010dinom pukovnika koji danas \u017eivi u Borovu naselju. Pro\u0161ao je Ivan logore, druga rati\u0161ta, ranjavanja, ali s ponosom isti\u010de \u017dRTVU svih mladi\u0107a koji su s njim i generalom bojnikom Blagom Zadrom branili Trpinsku cestu i u\u010dinili je grobljem tenkova. Posjetili smo Spomen dom hrvatskih branitelja na Trpinjskoj cesti otvoren 14. rujna ove godine na dan sje\u0107anja kako je u rujnu 1991. godine zaustavljen veliki proboj neprijateljskih tenkova. Nastavili smo razgledom kukuruznog puta \u2013 Puta spasa. Vukovarska vojarna 204. brigade Hrvatske vojske polako, ali sigurno, postaje mjesto gdje se susre\u0107u pro\u0161lost i budu\u0107nost, mjesto na kojemu mladi nara\u0161taji, ali i mnogi drugi posjetitelji, saznaju odre\u0111ene podatke iz na\u0161e najnovije povijesti, o Domovinskom ratu, napose o Bitki za Vukovar. S tom je svrhom i utemeljen Memorijalni centar Domovinskog rata, \u010diji smo postav razgledali s velikom pa\u017enjom. Pro\u0161li smo i uz biv\u0161i logor smje\u0161ten u Veleprometovim skladi\u0161nim prostorima. Na kraju smo odali po\u010dast na\u0161im braniteljima i civilima koji su mu\u010dki ubijeni na Ov\u010dari. Posjetili smo mjesto masovne grobnice i Spomen dom Ov\u010dara. To mjesto svjedo\u010di o hrvatskom holokaustu.<br \/>\nU\u010dinili smo \u0161to smo mogli \u2013 molili Boga da u na\u0161im \u017eivotima opravdamo \u017dRTVU koju su za nas i slobodu Domovine podnijeli mladi\u0107i vukovarci.<br \/>\nU popodnevnim satima razgledali smo \u0160arengrad i Ilok. Posjetili smo i podrume u Iloku te muzej u obnovljenom dvorcu.<br \/>\nDolazili smo u Vukovar ve\u0107 nekoliko puta. Godine 2003. program Lijepa li si\u2026Vlak za Vukovar bio je prvi program na\u0161e Udruge. Tada smo stigli vlakom koji je pri povratku bio kamenovan u Br\u0161adinu. Stoga je i ovaj program, Lijepa li si\u2026vezan uz dvadesetu obljetnicu stradanja grada, \u017eelio zavr\u0161iti kao kruna brojnih doga\u0111anja i proslave oko desete obljetnice rada udruge Ekosspiritus.<\/p>\n","protected":false},"excerpt":{"rendered":"<p>U Vukovar su se 18. studenog 2011. godine slile velike kolone putnika i hodo\u010dasnika iz svih krajeva Hrvatske. Toga dana Vukovar je postao, kao i ranijih godina, srce Domovine. Stigli smo i<a class=\"moretag\" href=\"https:\/\/ekosspiritus.hr\/index.php\/2011\/11\/18\/lijepa-li-si-vukovar-i-ilok-jesen-2011\/\">Read More&#8230;<\/a><\/p>\n","protected":false},"author":1,"featured_media":0,"comment_status":"closed","ping_status":"open","sticky":false,"template":"","format":"standard","meta":{"footnotes":""},"categories":[10],"tags":[],"class_list":["post-172","post","type-post","status-publish","format-standard","hentry","category-lsi-clanak"],"_links":{"self":[{"href":"https:\/\/ekosspiritus.hr\/index.php\/wp-json\/wp\/v2\/posts\/172","targetHints":{"allow":["GET"]}}],"collection":[{"href":"https:\/\/ekosspiritus.hr\/index.php\/wp-json\/wp\/v2\/posts"}],"about":[{"href":"https:\/\/ekosspiritus.hr\/index.php\/wp-json\/wp\/v2\/types\/post"}],"author":[{"embeddable":true,"href":"https:\/\/ekosspiritus.hr\/index.php\/wp-json\/wp\/v2\/users\/1"}],"replies":[{"embeddable":true,"href":"https:\/\/ekosspiritus.hr\/index.php\/wp-json\/wp\/v2\/comments?post=172"}],"version-history":[{"count":1,"href":"https:\/\/ekosspiritus.hr\/index.php\/wp-json\/wp\/v2\/posts\/172\/revisions"}],"predecessor-version":[{"id":173,"href":"https:\/\/ekosspiritus.hr\/index.php\/wp-json\/wp\/v2\/posts\/172\/revisions\/173"}],"wp:attachment":[{"href":"https:\/\/ekosspiritus.hr\/index.php\/wp-json\/wp\/v2\/media?parent=172"}],"wp:term":[{"taxonomy":"category","embeddable":true,"href":"https:\/\/ekosspiritus.hr\/index.php\/wp-json\/wp\/v2\/categories?post=172"},{"taxonomy":"post_tag","embeddable":true,"href":"https:\/\/ekosspiritus.hr\/index.php\/wp-json\/wp\/v2\/tags?post=172"}],"curies":[{"name":"wp","href":"https:\/\/api.w.org\/{rel}","templated":true}]}}