{"id":1760,"date":"2023-06-09T07:20:03","date_gmt":"2023-06-09T07:20:03","guid":{"rendered":"https:\/\/ekosspiritus.hr\/?p=1760"},"modified":"2023-06-09T07:20:06","modified_gmt":"2023-06-09T07:20:06","slug":"najavljujemo-ljetni-kamp-na-velebitu-3","status":"publish","type":"post","link":"https:\/\/ekosspiritus.hr\/index.php\/2023\/06\/09\/najavljujemo-ljetni-kamp-na-velebitu-3\/","title":{"rendered":"NAJAVLJUJEMO: Ljetni kamp na Velebitu"},"content":{"rendered":"\n<p>Dragi prijatelji!<\/p>\n\n\n\n<p>Kao \u0161to smo najavili u godi\u0161njem planu udruge LJETNI KAMP NA VELEBITU HPDa \u201eSv. Patrik\u201c \u0107e se odr\u017eati 17. \u2013 21. srpnja 2023. godine (ponedjeljak \u2013 petak).<\/p>\n\n\n\n<p>\u201e\u010cudno je to kako \u010dovjeka dok odozdo gleda vrh brda neodoljivo privla\u010di visina, a kad se domogne vrha, zuri u dubinu iz koje je do\u0161ao.\u201c (Sergej Forenbacher: Iz velebitskog dnevnika)<\/p>\n\n\n\n<p>Dugogodi\u0161nja je tradicija na\u0161ega dru\u0161tva okupiti se tjedan dana u Nacionalnom parku Sjeverni Velebit kako bi zajedno planinarili, dru\u017eili se i upoznavali \u2013 i me\u0111usobno i s ovom misti\u010dnom planinom, a ponudit \u0107emo i duhovni kr\u0161\u0107anski sadr\u017eaj.<\/p>\n\n\n\n<p>Bit \u0107emo smje\u0161teni u Planinarskom domu Zavi\u017ean gdje je no\u0107enje u zajedni\u010dkim spavaonicama, u krevetima na kat. Svaki dan \u0107emo imati doru\u010dak, skromni ru\u010dak u planini iz vlastite torbe i toplu kuhanu ve\u010deru.<\/p>\n\n\n\n<p>Dnevni hod ne\u0107e biti zahtjevan. Dionice \u0107emo planirati u skladu s vremenskom prognozom, ali plan je&nbsp; obi\u0107i vrhove u okolici planinarskog doma i hodati dijelovima Premu\u017ei\u0107eve staze.<\/p>\n\n\n\n<p>Dolazak je automobilima u vlastitoj organizaciji.<\/p>\n\n\n\n<p>Sudionici moraju biti \u010dlanovi planinarskog dru\u0161tva (ako niste nigdje u\u010dlanjeni, pridru\u017eit \u0107ete se HPD Sv. Patrik).<\/p>\n\n\n\n<p>Prijaviti se mogu ljudi u dobrom psihofizi\u010dkom stanju koji su se spremni dr\u017eati uputa organizatora.<\/p>\n\n\n\n<p>Prijave (koje primamo dok se ne popuni kapacitet ku\u0107e) na: katarina.pucar@gmail.com.<\/p>\n\n\n\n<p>Cijenu \u0107emo formirati prema broju prijavljenih sudionika.<\/p>\n\n\n\n<p>Radosno vas i\u0161\u010dekujemo!<\/p>\n","protected":false},"excerpt":{"rendered":"<p>Dragi prijatelji! Kao \u0161to smo najavili u godi\u0161njem planu udruge LJETNI KAMP NA VELEBITU HPDa \u201eSv. Patrik\u201c \u0107e se odr\u017eati 17. \u2013 21. srpnja 2023. godine (ponedjeljak \u2013 petak). \u201e\u010cudno je to<a class=\"moretag\" href=\"https:\/\/ekosspiritus.hr\/index.php\/2023\/06\/09\/najavljujemo-ljetni-kamp-na-velebitu-3\/\">Read More&#8230;<\/a><\/p>\n","protected":false},"author":2,"featured_media":0,"comment_status":"closed","ping_status":"open","sticky":false,"template":"","format":"standard","meta":{"footnotes":""},"categories":[1],"tags":[],"class_list":["post-1760","post","type-post","status-publish","format-standard","hentry","category-ekosspiritus"],"_links":{"self":[{"href":"https:\/\/ekosspiritus.hr\/index.php\/wp-json\/wp\/v2\/posts\/1760","targetHints":{"allow":["GET"]}}],"collection":[{"href":"https:\/\/ekosspiritus.hr\/index.php\/wp-json\/wp\/v2\/posts"}],"about":[{"href":"https:\/\/ekosspiritus.hr\/index.php\/wp-json\/wp\/v2\/types\/post"}],"author":[{"embeddable":true,"href":"https:\/\/ekosspiritus.hr\/index.php\/wp-json\/wp\/v2\/users\/2"}],"replies":[{"embeddable":true,"href":"https:\/\/ekosspiritus.hr\/index.php\/wp-json\/wp\/v2\/comments?post=1760"}],"version-history":[{"count":1,"href":"https:\/\/ekosspiritus.hr\/index.php\/wp-json\/wp\/v2\/posts\/1760\/revisions"}],"predecessor-version":[{"id":1761,"href":"https:\/\/ekosspiritus.hr\/index.php\/wp-json\/wp\/v2\/posts\/1760\/revisions\/1761"}],"wp:attachment":[{"href":"https:\/\/ekosspiritus.hr\/index.php\/wp-json\/wp\/v2\/media?parent=1760"}],"wp:term":[{"taxonomy":"category","embeddable":true,"href":"https:\/\/ekosspiritus.hr\/index.php\/wp-json\/wp\/v2\/categories?post=1760"},{"taxonomy":"post_tag","embeddable":true,"href":"https:\/\/ekosspiritus.hr\/index.php\/wp-json\/wp\/v2\/tags?post=1760"}],"curies":[{"name":"wp","href":"https:\/\/api.w.org\/{rel}","templated":true}]}}