{"id":1769,"date":"2023-07-22T10:36:30","date_gmt":"2023-07-22T10:36:30","guid":{"rendered":"https:\/\/ekosspiritus.hr\/?p=1769"},"modified":"2023-07-22T10:36:33","modified_gmt":"2023-07-22T10:36:33","slug":"dogodilo-se-tradicionalni-ljetni-kamp-na-velebitu-hpda-sv-patrik-2023","status":"publish","type":"post","link":"https:\/\/ekosspiritus.hr\/index.php\/2023\/07\/22\/dogodilo-se-tradicionalni-ljetni-kamp-na-velebitu-hpda-sv-patrik-2023\/","title":{"rendered":"DOGODILO SE: Tradicionalni ljetni kamp na Velebitu HPDa Sv. Patrik 2023."},"content":{"rendered":"\n<p>Zanimljivo je promatrati sraz starih i iskusnih ljubitelja Velebita, nas koji smo davno ostavili srca u ovim \u0161umama i \u0161krapama, s odu\u0161evljenjem novih \u010dlanova dru\u0161tva, \u010dije o\u010di pune divljenja stvaraju nadu da \u0107e na\u0161 kamp ostati \u017eiv zauvijek.<\/p>\n\n\n\n<p>Po\u010deli smo u ponedjeljak, 17. srpnja 2023. s misli dana: \u201eUzi\u0111e na goru i pozove koje sam htjede. I do\u0111o\u0161e k njemu.\u201c (Mk 3, 13). Pokazat \u0107e se kroz tjedan da je ba\u0161 svatko od nas bio pozvan s razlogom, kako bi svojim talentom obogatio na\u0161e dru\u017eenje.<\/p>\n\n\n\n<p>Kruno fotografira. Radovan kuha. Jurica svira gitaru. \u017deljko prati markacije. Ivana pe\u010de pala\u010dinke. Druga Ivana tr\u010di i svima premata sve rane. Nikolina tra\u017ei u starim knjigama dojmova na Zavi\u017eanu stare tekstove o starim kampovima. Ivona di\u017ee atmosferu svojim smijehom. Ana planira budu\u0107e dru\u0161tvene mre\u017ee udruge. Stjepan \u010de\u0161lja bradu i umjetnim kukom pokorava kamene kukove. Katarina vodi duhovni program i tablicu s dugom za pivu.<\/p>\n\n\n\n<p>Predstavili smo se izvla\u010de\u0107i svatko ime jednog od apostola i otkrivaju\u0107i jedni drugima \u0161to smo nau\u010dili iz \u017eivotopisa onoga kojeg nam je Gospodin providio. Sje\u0107ali smo se svih sudionika svih prija\u0161njih kampova, a posebno nam je bio na srcu i u molitvi pok. vl\u010d. Milan Ker\u0161 koji je puno puta s nama dijelio \u010daroliju Velebita.<\/p>\n\n\n\n<p>Zavi\u017eanska Kosa jo\u0161 uvijek ima najbolje poglede. Na Balinovac se mo\u017ee sti\u0107i i alternativnim putem, zaobilaze\u0107i usjek koji je no\u0107na mora mnogih planinara. Botani\u010dki vrt ima kod jedne biljke novi natpis: \u201eNe diraj\u201c. Uvjeravam vas da nikome nije palo na pamet da je podraga dok to nismo pro\u010ditali. Odjednom je bila ba\u0161 zanimljiva, tako zabranjena.<\/p>\n\n\n\n<p>Utorak smo se ve\u0107 udoma\u0107ili, a misao dana nam je sugrerirala:&nbsp; \u201eA Isus uzi\u0111e na goru i ondje sje\u0111a\u0161e sa svojim u\u010denicima.\u201c (Iv 6, 3). Tako smo morali hod razbijati sjede\u0107i na gori. Ali ipak smo do\u0161li i u Fabin Dolac i u \u0160krbinu Dragu i u Veliki Lom. Zna\u010di da ipak nismo samo sjedili. Neki gledaju izlaske, neki zalaske sunca. Svi se, bez obzira koliko puta to do\u017eivjeli, \u010dude brzini kojom na planinu mo\u017ee do\u0107i i oti\u0107i ki\u0161ni oblak. Kada zapu\u0161e hladno, ko\u017ea se naje\u017ei i ogrubi ba\u0161 kao zidovi ku\u0107e iza kojih smo se skrivali na sigurno. I doticali ih sa zahvalno\u0161\u0107u jer daju ugodu, toplinu, za\u0161titu. Lijepo je da je rije\u010d ku\u0107a u hrvatskom jeziku \u017eenskog roda, jer su ba\u0161 \u017eene one koje \u010desto od hrpe stranaca stvaraju obitelj, ali oduvijek mi se \u010dinilo da bi ba\u0161 ova ku\u0107a na Zavi\u017eanu morala biti mu\u0161kog roda. Ona je sigurnost, \u010dvrstina, jednostavnost na koju se mo\u017ee\u0161 osloniti.<\/p>\n\n\n\n<p>Srijeda je obilje\u017eena velikim visinskim razlikama u hodu velike osmice: kru\u017eno na Mali Rajinac, pa kru\u017eno na Piv\u010devac. I zatim duboko u Vuku\u0161i\u0107 sni\u017enicu. Misao dana: \u201eDanju je u\u010dio u Hramu, a no\u0107u bi izlazio i no\u0107io na gori zvanoj Maslinska.\u201c (Lk 21, 37). Ako no\u0107i\u0161 na gori, lako je po danu u\u010diti. Nau\u010dili smo: neki dodiri ostavljaju znakove, kao ako ubere\u0161 Gospinu travu \u2013 odaju te vr\u0161ci prstiju. I onda svi znaju \u0161to si radio iako misli\u0161 da si se vrhunski zakrio. Nau\u010dili smo: ba\u0161 sve u \u017eivotu mo\u017ee biti izbor, velika igra ili \u2013 ili. Mogli ste u toj svojoj slobodi izbora biti na bezbroj drugih mjesta umjesto na ovom kampu i ba\u0161 svaki izbor ozna\u010dava rizik. Pohvala hrabrima. Nau\u010dili smo: sve pjesme od kojih se najvi\u0161e stvara gr\u010d u \u017eelucu dok se pravimo kako nam ni\u0161ta nije se moraju otpjevati na Velebitu. Velike umjetnosti nema bez jakoga bola.<\/p>\n\n\n\n<p>\u010cetvrtak smo slavili devedeseti ro\u0111endan Premu\u017ei\u0107eve staze, le\u017eali na Gromova\u010di, Crikveni i u Rosijevoj kolibi. \u201eKad osvanu dan, izi\u0111e i po\u0111e na samotno mjesto. I mno\u0161tvo ga je tra\u017eilo. Do\u0111o\u0161e k njemu i zadr\u017eavahu ga da ne ode od njih.\u201c (Lk 4, 42). Poslije ve\u010dere odr\u017ean je prvi veliki velebitski kviz, s temama koje su uklju\u010divala sve \u0161to smo tih dana mogli nau\u010diti. Nakon prvog kruga od 12 pitanja pobjedu je nadmo\u0107no odnijela Ivana, dok su Nikolina i \u017deljko imali dodatni krug za drugo mjesto. Nagrade \u2013 lan\u010di\u0107e s kri\u017eem poklonio je Tomislav koji nam se pridru\u017eio tek na jedan dan, ali i potaknuo ovu vjerojatnu novu tradiciju koja se stvara. Zahvaljujemo lokalnim \u010dlanovima publike koji su pomagali ako je bilo nejasno\u0107a oko toga koji odgovor priznati i nimalo nisu \u0161aptali odgovore natjecateljima. Zbog kviza je zamalo kasnio izvje\u0161taj meteorolo\u0161ke stanice Zavi\u017ean. Zamalo.<\/p>\n\n\n\n<p>Petak je bio dan spu\u0161tanja s planine. Tri puta nas se poku\u0161alo zaustaviti da se ne spustimo s Velebita, da ostanemo ba\u0161 tamo. Prvi put s jednim praznim akumulatorom odmah ujutro. Na\u0161le su se kleme. Drugi put sa slabom markacijom na Jezerima, od ru\u0161evina kapelice prema Krasnom. Javio se na telefon onaj koji zna sve staze i sve pute i bez oznake. Tre\u0107i put sa sru\u0161enim drve\u0107em u \u0161umi koje je sakrilo stazu i preprije\u010dilo silazak u dolinu. Pobijedila je lijenost i inat, jer smo ipak bili bli\u017ee dnu nego vrhu. Ali tri puta nas se poku\u0161alo zaustaviti. Taj Velebit, to je na\u0161a zemlja. Tu smo sagradili dom.<\/p>\n\n\n\n<p>Tje\u0161ila nas je samo misao dana: \u201eKad je Isus si\u0161ao s gore pohrli za njim silan svijet.\u201c (Mt 8, 1). Kada do\u0111ete s planine ljudi \u0107e pohrliti za vama. \u017dele znati kako je bilo, \u0161to se dogodilo, kako ste se osje\u0107ali, \u0161to ste vidjeli, kada ste se upla\u0161ili, kada rasplakali, kada grlili, a kada sva\u0111ali. Ne razumiju da je iskustvo planine nemogu\u0107e opisati. Morate do\u0107i sami do\u017eivjeti. Sve ostalo su samo nespretna slova ili rije\u010di kojima govorimo o neopisivom. Na Velebitu u\u010dimo od onoga \u0161to vidimo i od onog \u0161to \u010dujemo. U\u010dimo od onog \u0161to izdr\u017eimo. U\u010dimo od onog \u0161to izre\u010demo, otpjevamo i pre\u0161utimo. U\u010dimo u dubinu, u visinu, u \u0161irinu. Velebit je najve\u0107i ud\u017ebenik na svijetu.<\/p>\n\n\n\n<p><\/p>\n\n\n\n<p>Foto galeriju pogledajte na facebook stranici udruge. <\/p>\n","protected":false},"excerpt":{"rendered":"<p>Zanimljivo je promatrati sraz starih i iskusnih ljubitelja Velebita, nas koji smo davno ostavili srca u ovim \u0161umama i \u0161krapama, s odu\u0161evljenjem novih \u010dlanova dru\u0161tva, \u010dije o\u010di pune divljenja stvaraju nadu da<a class=\"moretag\" href=\"https:\/\/ekosspiritus.hr\/index.php\/2023\/07\/22\/dogodilo-se-tradicionalni-ljetni-kamp-na-velebitu-hpda-sv-patrik-2023\/\">Read More&#8230;<\/a><\/p>\n","protected":false},"author":2,"featured_media":0,"comment_status":"closed","ping_status":"open","sticky":false,"template":"","format":"standard","meta":{"footnotes":""},"categories":[1],"tags":[],"class_list":["post-1769","post","type-post","status-publish","format-standard","hentry","category-ekosspiritus"],"_links":{"self":[{"href":"https:\/\/ekosspiritus.hr\/index.php\/wp-json\/wp\/v2\/posts\/1769","targetHints":{"allow":["GET"]}}],"collection":[{"href":"https:\/\/ekosspiritus.hr\/index.php\/wp-json\/wp\/v2\/posts"}],"about":[{"href":"https:\/\/ekosspiritus.hr\/index.php\/wp-json\/wp\/v2\/types\/post"}],"author":[{"embeddable":true,"href":"https:\/\/ekosspiritus.hr\/index.php\/wp-json\/wp\/v2\/users\/2"}],"replies":[{"embeddable":true,"href":"https:\/\/ekosspiritus.hr\/index.php\/wp-json\/wp\/v2\/comments?post=1769"}],"version-history":[{"count":1,"href":"https:\/\/ekosspiritus.hr\/index.php\/wp-json\/wp\/v2\/posts\/1769\/revisions"}],"predecessor-version":[{"id":1770,"href":"https:\/\/ekosspiritus.hr\/index.php\/wp-json\/wp\/v2\/posts\/1769\/revisions\/1770"}],"wp:attachment":[{"href":"https:\/\/ekosspiritus.hr\/index.php\/wp-json\/wp\/v2\/media?parent=1769"}],"wp:term":[{"taxonomy":"category","embeddable":true,"href":"https:\/\/ekosspiritus.hr\/index.php\/wp-json\/wp\/v2\/categories?post=1769"},{"taxonomy":"post_tag","embeddable":true,"href":"https:\/\/ekosspiritus.hr\/index.php\/wp-json\/wp\/v2\/tags?post=1769"}],"curies":[{"name":"wp","href":"https:\/\/api.w.org\/{rel}","templated":true}]}}