{"id":1772,"date":"2023-08-05T17:54:29","date_gmt":"2023-08-05T17:54:29","guid":{"rendered":"https:\/\/ekosspiritus.hr\/?p=1772"},"modified":"2023-08-05T17:54:32","modified_gmt":"2023-08-05T17:54:32","slug":"najavljujemo-izlet-na-sjeverni-velebit","status":"publish","type":"post","link":"https:\/\/ekosspiritus.hr\/index.php\/2023\/08\/05\/najavljujemo-izlet-na-sjeverni-velebit\/","title":{"rendered":"NAJAVLJUJEMO: Izlet na Sjeverni Velebit"},"content":{"rendered":"\n<p>Hrvatsko planinarsko dru\u0161tvo sv. Patrika najavljuje planinarski izlet na Sjeverni Velebit<br>Subota 30. rujna i nedjelja 1. listopada<br>Idemo u okolicu Zavi\u017eana gdje \u0107emo i no\u0107iti. Plan je prilago\u0111en za sve uzraste. Putovati \u0107emo autobusom, a broj mjesta je ograni\u010den kapacitetom planinarskog doma. <br>Potrebna je va\u017ee\u0107a planinarska iskaznica.<br>Posjetiti \u0107emo vrhove u okolici Zavi\u017eana i dio Premu\u017ei\u0107eve staze.<br>Prijava odmah, a kad popunimo autobus obavijestit \u0107emo vas o na\u010dinu pla\u0107anja i poslati vam detalje na\u0161eg putovanja.<br>Prijava do popune mjesta na mail: radovan.libric2@gmail.com<\/p>\n","protected":false},"excerpt":{"rendered":"<p>Hrvatsko planinarsko dru\u0161tvo sv. Patrika najavljuje planinarski izlet na Sjeverni VelebitSubota 30. rujna i nedjelja 1. listopadaIdemo u okolicu Zavi\u017eana gdje \u0107emo i no\u0107iti. Plan je prilago\u0111en za sve uzraste. Putovati \u0107emo<a class=\"moretag\" href=\"https:\/\/ekosspiritus.hr\/index.php\/2023\/08\/05\/najavljujemo-izlet-na-sjeverni-velebit\/\">Read More&#8230;<\/a><\/p>\n","protected":false},"author":2,"featured_media":0,"comment_status":"closed","ping_status":"open","sticky":false,"template":"","format":"standard","meta":{"footnotes":""},"categories":[1],"tags":[],"class_list":["post-1772","post","type-post","status-publish","format-standard","hentry","category-ekosspiritus"],"_links":{"self":[{"href":"https:\/\/ekosspiritus.hr\/index.php\/wp-json\/wp\/v2\/posts\/1772","targetHints":{"allow":["GET"]}}],"collection":[{"href":"https:\/\/ekosspiritus.hr\/index.php\/wp-json\/wp\/v2\/posts"}],"about":[{"href":"https:\/\/ekosspiritus.hr\/index.php\/wp-json\/wp\/v2\/types\/post"}],"author":[{"embeddable":true,"href":"https:\/\/ekosspiritus.hr\/index.php\/wp-json\/wp\/v2\/users\/2"}],"replies":[{"embeddable":true,"href":"https:\/\/ekosspiritus.hr\/index.php\/wp-json\/wp\/v2\/comments?post=1772"}],"version-history":[{"count":1,"href":"https:\/\/ekosspiritus.hr\/index.php\/wp-json\/wp\/v2\/posts\/1772\/revisions"}],"predecessor-version":[{"id":1773,"href":"https:\/\/ekosspiritus.hr\/index.php\/wp-json\/wp\/v2\/posts\/1772\/revisions\/1773"}],"wp:attachment":[{"href":"https:\/\/ekosspiritus.hr\/index.php\/wp-json\/wp\/v2\/media?parent=1772"}],"wp:term":[{"taxonomy":"category","embeddable":true,"href":"https:\/\/ekosspiritus.hr\/index.php\/wp-json\/wp\/v2\/categories?post=1772"},{"taxonomy":"post_tag","embeddable":true,"href":"https:\/\/ekosspiritus.hr\/index.php\/wp-json\/wp\/v2\/tags?post=1772"}],"curies":[{"name":"wp","href":"https:\/\/api.w.org\/{rel}","templated":true}]}}