{"id":1778,"date":"2023-08-28T10:38:30","date_gmt":"2023-08-28T10:38:30","guid":{"rendered":"https:\/\/ekosspiritus.hr\/?p=1778"},"modified":"2023-08-28T10:38:33","modified_gmt":"2023-08-28T10:38:33","slug":"najavljujemo-hodocasce-na-mariju-bistricu-2","status":"publish","type":"post","link":"https:\/\/ekosspiritus.hr\/index.php\/2023\/08\/28\/najavljujemo-hodocasce-na-mariju-bistricu-2\/","title":{"rendered":"NAJAVLJUJEMO: Hodo\u010da\u0161\u0107e na Mariju Bistricu"},"content":{"rendered":"\n<p>Dragi prijatelji!<\/p>\n\n\n\n<p>Sve je pripremljeno da Zagrep\u010danke i Zagrep\u010dani po 300. put u na\u0161oj povijesti krenu pje\u0161ice na zavjetno godi\u0161nje hodo\u010da\u0161\u0107e Majci Bo\u017ejoj Bistri\u010dkoj.<\/p>\n\n\n\n<p>Ove godine bit \u0107e posebno sve\u010dano jer se slavi 3 stolje\u0107a odlazaka u MB, a ne mogu ba\u0161 sve generacije ljudi do\u017eivjeti takve okrugle brojke (stotice) \ud83d\ude09, pa smo po tome zbilja povla\u0161teni.<\/p>\n\n\n\n<p>Poti\u010demo vas da se uklju\u010dite i ako se pripremite i krenete na hod sa svojim nakanama \u2013 sigurno mo\u017eete izdr\u017eati sav napor.<\/p>\n\n\n\n<p>Vrijeme: 9. rujan 2023 (SUBOTA), od 4:45 \u2013 21:00 h<br>Mjesto: Zagreba\u010dka Katedrala &gt; Gra\u010dani &gt; Leustekova staza &gt; Sljeme, kapela Majke Bo\u017eje Kraljice Hrvata &gt; Gor\u0161\u010dica &gt; Sveti Matej &gt; Laz &gt; Laz Bistri\u010dki &gt; Marija Bistrica<\/p>\n\n\n\n<p>Tko god ima kakvu narodnu no\u0161nju svojih baka i djedova &#8211; ovo je prilika da je stavite u ruksak i odjenete prilikom sve\u010dane procesije u M. Bistrici, ba\u0161 u spomen na\u0161ih pradjedova i prabaka, koji su znali i htjeli \u0161tovati tradiciju, prave vrednote i ljubili zemlju po kojoj hodaju.<\/p>\n\n\n\n<p>Na\u0161 voditelj Antun vas poziva:<\/p>\n\n\n\n<p>Svi oni koji na kraju ipak ne mogu s nama po\u0107i, a imaju \u017eelju Majci Bo\u017ejoj predati neki zaziv, molitvu, zahvalu ili pro\u0161nju &#8211; slobodno mi po\u0161aljite u privatnoj poruci i ja \u0107u sve va\u0161e molbe staviti u \u201csvoj ruksak\u201d, ponijeti preko Sljemena za Bistricu, te iste molitve izre\u0107i u prigodnom trenutku u Mariji Bistrici.<\/p>\n\n\n\n<p>Njega kontaktirajte i za sve detaljne informacije o tehni\u010dkim uputama za pridru\u017eivanje hodu:<br>Antun Buri\u0107<br>Voditelj Dje\u010dja eko -planinarska akademija(DEPAK)<br>E: depak.akademija@gmail.com<br>T: 099\/237 2439<\/p>\n","protected":false},"excerpt":{"rendered":"<p>Dragi prijatelji! Sve je pripremljeno da Zagrep\u010danke i Zagrep\u010dani po 300. put u na\u0161oj povijesti krenu pje\u0161ice na zavjetno godi\u0161nje hodo\u010da\u0161\u0107e Majci Bo\u017ejoj Bistri\u010dkoj. Ove godine bit \u0107e posebno sve\u010dano jer se<a class=\"moretag\" href=\"https:\/\/ekosspiritus.hr\/index.php\/2023\/08\/28\/najavljujemo-hodocasce-na-mariju-bistricu-2\/\">Read More&#8230;<\/a><\/p>\n","protected":false},"author":2,"featured_media":0,"comment_status":"closed","ping_status":"open","sticky":false,"template":"","format":"standard","meta":{"footnotes":""},"categories":[1],"tags":[],"class_list":["post-1778","post","type-post","status-publish","format-standard","hentry","category-ekosspiritus"],"_links":{"self":[{"href":"https:\/\/ekosspiritus.hr\/index.php\/wp-json\/wp\/v2\/posts\/1778","targetHints":{"allow":["GET"]}}],"collection":[{"href":"https:\/\/ekosspiritus.hr\/index.php\/wp-json\/wp\/v2\/posts"}],"about":[{"href":"https:\/\/ekosspiritus.hr\/index.php\/wp-json\/wp\/v2\/types\/post"}],"author":[{"embeddable":true,"href":"https:\/\/ekosspiritus.hr\/index.php\/wp-json\/wp\/v2\/users\/2"}],"replies":[{"embeddable":true,"href":"https:\/\/ekosspiritus.hr\/index.php\/wp-json\/wp\/v2\/comments?post=1778"}],"version-history":[{"count":1,"href":"https:\/\/ekosspiritus.hr\/index.php\/wp-json\/wp\/v2\/posts\/1778\/revisions"}],"predecessor-version":[{"id":1779,"href":"https:\/\/ekosspiritus.hr\/index.php\/wp-json\/wp\/v2\/posts\/1778\/revisions\/1779"}],"wp:attachment":[{"href":"https:\/\/ekosspiritus.hr\/index.php\/wp-json\/wp\/v2\/media?parent=1778"}],"wp:term":[{"taxonomy":"category","embeddable":true,"href":"https:\/\/ekosspiritus.hr\/index.php\/wp-json\/wp\/v2\/categories?post=1778"},{"taxonomy":"post_tag","embeddable":true,"href":"https:\/\/ekosspiritus.hr\/index.php\/wp-json\/wp\/v2\/tags?post=1778"}],"curies":[{"name":"wp","href":"https:\/\/api.w.org\/{rel}","templated":true}]}}