{"id":1780,"date":"2023-09-04T09:59:21","date_gmt":"2023-09-04T09:59:21","guid":{"rendered":"https:\/\/ekosspiritus.hr\/?p=1780"},"modified":"2023-09-04T09:59:24","modified_gmt":"2023-09-04T09:59:24","slug":"dogodilo-se-prva-obljetnica-smrti-vlc-milana-kersa-i-blagoslov-kipa-sv-jakova-na-mariji-bistrici","status":"publish","type":"post","link":"https:\/\/ekosspiritus.hr\/index.php\/2023\/09\/04\/dogodilo-se-prva-obljetnica-smrti-vlc-milana-kersa-i-blagoslov-kipa-sv-jakova-na-mariji-bistrici\/","title":{"rendered":"DOGODILO SE: Prva obljetnica smrti vl\u010d. Milana Ker\u0161a i blagoslov kipa sv. Jakova na Mariji Bistrici"},"content":{"rendered":"\n<p>U nedjelju, 3. rujna 2023. godine udruga Ekosspiritus organizirala je za svoje \u010dlanove i goste bogat i sadr\u017eajan program s brojnim aktivnostima.<br>Dan smo zapo\u010deli putovanjem u Gornji Mihaljevac u Vara\u017edinskoj biskupiji, rodnu \u017eupu sve\u0107enika Milana Ker\u0161a kojemu se ovih dana obilje\u017eava prva godi\u0161njica smrti. U \u017eupnoj crkvi sv. Katarine molili smo srednji \u010das, nakon koje je vjerou\u010ditelj Radovan Libri\u0107 vodio katehezu na temu euharistije. Okupili smo se i na groblju gdje smo se uz molitvu sje\u0107ali svega lijepoga \u0161to je Milan \u010dinio u svom \u017eivotu, a mnogo toga je vezano ba\u0161 uz na\u0161e ciljeve djelovanja. Obitelj, s ne\u0107akinjom Valentinom koja je i pozdravila hodo\u010dasnike, pripremila je velikodu\u0161nu okrepu za sve okupljene.<br>Sljede\u0107i cilj putovanja bila je \u017eupna crkva sv. Jakoba u Prelogu, bogata i rasko\u0161na gra\u0111evina o kojoj nam je govorila vjerou\u010diteljica Anica \u010cerepinko. Rije\u010d je o jednoj od lokacija koje ulaze u mre\u017eu Camino puteva koje nanovo ozna\u010davamo po Hrvatskoj.<br>Popodne sti\u017eemo u Mariju Bistricu kako bi obilje\u017eili 820 godina od prvog pisanog spomena hodo\u010da\u0161\u0107a Hrvata na grob sv. Jakova u \u0160panjolsku. U op\u0107inskoj knji\u017enici otvorena je multimedijalna izlo\u017eba o Caminu, o \u010demu su govorili Tomislav Ivir, predsjednik, te Radovan Libri\u0107, tajnik udruge Ekosspiritus. Predavanje o fenomenu Camina kroz povijest i njegovoj revitalizaciji u moderno vrijeme odr\u017eao je Vedran Pra\u017een, veliki zaljubljenik u pje\u0161a\u010dka hodo\u010da\u0161\u0107a koja je svojim djelovanjem uvelike popularizirao u Hrvatskoj. Zbivanje su podr\u017eali mnogi ugledni gosti: Juan Gonz\u00e1lez-Barba Pera, veleposlanik kraljevine \u0160panjolske; Tatjana Horvati\u0107, izaslanica ministrice kulture; Damir Galoi\u0107, izaslanik \u017eupana Krapinsko zagorske \u017eupanije; Ivan Josip Mili\u010dki, na\u010delnik op\u0107ine Marija Bistrica; Damir Kresi\u0107, ravnatelj Instituta za turizam; Petra \u0160krobot, gradona\u010delnica grada Samobora.<br>Bratov\u0161tina sv. Jakova, koja djeluju unutar udruge Ekosspiritus, tom prigodom nacionalnom sveti\u0161tu darovala je kameni kip sv. Jakova apostola, rad gospodina Slavka Buni\u0107a iz Ivanca, a bit \u0107e izlo\u017een u prostoru budu\u0107eg gostinjca, hodo\u010dasni\u010dkog preno\u0107i\u0161ta. Tijekom sve\u010danog misnog slavlja blagoslovio ga je rektor sveti\u0161ta, vl\u010d. Domagoj Mato\u0161evi\u0107, uz koncelebraciju vl\u010d. Josipa \u010culiga. \u010clanovi Bratov\u0161tine nosili su slu\u017ebena sve\u010dana odijela, a bio je i velik broj \u010dlanova udruge koji su obukli svoje narodne no\u0161nje. Pridru\u017eio se i mons. Nedjeljko Pintari\u0107 koji prati i podr\u017eava djelovanje udruge.<br>Za sve sudionike i goste udruga je pripremila agape ve\u010deru, kako bi uz dru\u017eenje i razmjenjivanje dojmova zaokru\u017eili bogat dan.<\/p>\n","protected":false},"excerpt":{"rendered":"<p>U nedjelju, 3. rujna 2023. godine udruga Ekosspiritus organizirala je za svoje \u010dlanove i goste bogat i sadr\u017eajan program s brojnim aktivnostima.Dan smo zapo\u010deli putovanjem u Gornji Mihaljevac u Vara\u017edinskoj biskupiji, rodnu<a class=\"moretag\" href=\"https:\/\/ekosspiritus.hr\/index.php\/2023\/09\/04\/dogodilo-se-prva-obljetnica-smrti-vlc-milana-kersa-i-blagoslov-kipa-sv-jakova-na-mariji-bistrici\/\">Read More&#8230;<\/a><\/p>\n","protected":false},"author":2,"featured_media":0,"comment_status":"closed","ping_status":"open","sticky":false,"template":"","format":"standard","meta":{"footnotes":""},"categories":[1],"tags":[],"class_list":["post-1780","post","type-post","status-publish","format-standard","hentry","category-ekosspiritus"],"_links":{"self":[{"href":"https:\/\/ekosspiritus.hr\/index.php\/wp-json\/wp\/v2\/posts\/1780","targetHints":{"allow":["GET"]}}],"collection":[{"href":"https:\/\/ekosspiritus.hr\/index.php\/wp-json\/wp\/v2\/posts"}],"about":[{"href":"https:\/\/ekosspiritus.hr\/index.php\/wp-json\/wp\/v2\/types\/post"}],"author":[{"embeddable":true,"href":"https:\/\/ekosspiritus.hr\/index.php\/wp-json\/wp\/v2\/users\/2"}],"replies":[{"embeddable":true,"href":"https:\/\/ekosspiritus.hr\/index.php\/wp-json\/wp\/v2\/comments?post=1780"}],"version-history":[{"count":1,"href":"https:\/\/ekosspiritus.hr\/index.php\/wp-json\/wp\/v2\/posts\/1780\/revisions"}],"predecessor-version":[{"id":1781,"href":"https:\/\/ekosspiritus.hr\/index.php\/wp-json\/wp\/v2\/posts\/1780\/revisions\/1781"}],"wp:attachment":[{"href":"https:\/\/ekosspiritus.hr\/index.php\/wp-json\/wp\/v2\/media?parent=1780"}],"wp:term":[{"taxonomy":"category","embeddable":true,"href":"https:\/\/ekosspiritus.hr\/index.php\/wp-json\/wp\/v2\/categories?post=1780"},{"taxonomy":"post_tag","embeddable":true,"href":"https:\/\/ekosspiritus.hr\/index.php\/wp-json\/wp\/v2\/tags?post=1780"}],"curies":[{"name":"wp","href":"https:\/\/api.w.org\/{rel}","templated":true}]}}