{"id":1792,"date":"2023-10-02T10:05:00","date_gmt":"2023-10-02T10:05:00","guid":{"rendered":"https:\/\/ekosspiritus.hr\/?p=1792"},"modified":"2023-10-02T10:05:03","modified_gmt":"2023-10-02T10:05:03","slug":"dogodilo-se-izlet-na-sjeverni-velebit","status":"publish","type":"post","link":"https:\/\/ekosspiritus.hr\/index.php\/2023\/10\/02\/dogodilo-se-izlet-na-sjeverni-velebit\/","title":{"rendered":"DOGODILO SE: IZLET NA SJEVERNI VELEBIT"},"content":{"rendered":"\n<p>Jedini na\u010din na koji je mogu\u0107e pre\u017eivjeti odlazak s Velebita je \u010dvrsti plan i obe\u0107anje da \u0107emo se uskoro vratiti. Tako je nastao ovaj jesenski izlet.<br>U vikendu 30. rujna i 1. listopada 2023. godine HPD Sv. Patrik organiziralo je dvodnevni pohod na Zavi\u017ean u Nacionalnom parku Sjeverni Velebit. Lijepi broj prijavljenih sudionika, najavljeno toplo bablje ljeto, vodstvo pravih poznavatelja planine Radovana i Vlade \u2013 sve je bilo na na\u0161oj strani.<br>U subotu smo se penjali po Velikom Zavi\u017eanu i Kosi, dozvolili vjetru da nam istjera svaku suvislu misao iz glave i srca. Nedjelju nas je sunce milovalo po Premu\u017ei\u0107evoj stazi, na Gromova\u010di i Rossijevoj kolibi. Veterani hoda kod autobusa su ispitivali djecu ho\u0107e li mo\u0107i pro\u0107i sve \u0161to je predvi\u0111eno, samo da bi kasnije ve\u0107inu vremena vikali za njima neka uspore i neka nas \u010dekaju. To \u0161to mogu no\u017eice \u010detverogodi\u0161nje Nikoline i samo malo starijih Vida, Josipa, Samuela, Brune \u2013 na tome mo\u017eemo samo zavidjeti. I iskusni i po\u010detnici su se odli\u010dno sna\u0161li i nije bilo gotovo nikakvih \u017ertava. Stradala je jedna kemijska olovka, jedan zeleni konopac, jedna boca rakije.<br>Najvi\u0161e nas je razveselio vl\u010d. Silvio Milin iz Svetog Jurja koji nam je do\u0161ao slaviti misu u kapelicu sv. Ante. Rekao je kako je to prva ove godine na tom mjestu. Bilo bi lijepo da katoli\u010dka planinarska dru\u0161tva \u010de\u0161\u0107e sakramentalno obogate taj vrijedni sakralni prostor na planini. Neka velebitsko zvono zvoni s razlogom.<br>Bogati stol za ve\u010deru koji smo slo\u017eili od priloga svih sudionika izazvao je veliku pa\u017enju i stvorio od skupine poznanika sestre i bra\u0107u koja zajedno blaguju.<br>Prije odlaska proslavili smo veliku obljetnicu koja se poklopila s na\u0161im posjetom: 70 godina od otvaranja meteorolo\u0161ke postaje Zavi\u017ean. Kako je ba\u0161 planinarsko dru\u0161tvo Sv. Patrika obilje\u017eilo taj sve\u010dani trenutak, potra\u017eite me\u0111u na\u0161im ostalim vijestima.<br>Jedini na\u010din na koji je mogu\u0107e pre\u017eivjeti odlazak s Velebita je \u010dvrsti plan i obe\u0107anje da \u0107emo se uskoro vratiti.<\/p>\n\n\n\n<p>Galeriju fotografija pogledajte na facebook stranici udruge Ekosspiritus.<\/p>\n","protected":false},"excerpt":{"rendered":"<p>Jedini na\u010din na koji je mogu\u0107e pre\u017eivjeti odlazak s Velebita je \u010dvrsti plan i obe\u0107anje da \u0107emo se uskoro vratiti. Tako je nastao ovaj jesenski izlet.U vikendu 30. rujna i 1. listopada<a class=\"moretag\" href=\"https:\/\/ekosspiritus.hr\/index.php\/2023\/10\/02\/dogodilo-se-izlet-na-sjeverni-velebit\/\">Read More&#8230;<\/a><\/p>\n","protected":false},"author":2,"featured_media":0,"comment_status":"closed","ping_status":"open","sticky":false,"template":"","format":"standard","meta":{"footnotes":""},"categories":[1],"tags":[],"class_list":["post-1792","post","type-post","status-publish","format-standard","hentry","category-ekosspiritus"],"_links":{"self":[{"href":"https:\/\/ekosspiritus.hr\/index.php\/wp-json\/wp\/v2\/posts\/1792","targetHints":{"allow":["GET"]}}],"collection":[{"href":"https:\/\/ekosspiritus.hr\/index.php\/wp-json\/wp\/v2\/posts"}],"about":[{"href":"https:\/\/ekosspiritus.hr\/index.php\/wp-json\/wp\/v2\/types\/post"}],"author":[{"embeddable":true,"href":"https:\/\/ekosspiritus.hr\/index.php\/wp-json\/wp\/v2\/users\/2"}],"replies":[{"embeddable":true,"href":"https:\/\/ekosspiritus.hr\/index.php\/wp-json\/wp\/v2\/comments?post=1792"}],"version-history":[{"count":1,"href":"https:\/\/ekosspiritus.hr\/index.php\/wp-json\/wp\/v2\/posts\/1792\/revisions"}],"predecessor-version":[{"id":1793,"href":"https:\/\/ekosspiritus.hr\/index.php\/wp-json\/wp\/v2\/posts\/1792\/revisions\/1793"}],"wp:attachment":[{"href":"https:\/\/ekosspiritus.hr\/index.php\/wp-json\/wp\/v2\/media?parent=1792"}],"wp:term":[{"taxonomy":"category","embeddable":true,"href":"https:\/\/ekosspiritus.hr\/index.php\/wp-json\/wp\/v2\/categories?post=1792"},{"taxonomy":"post_tag","embeddable":true,"href":"https:\/\/ekosspiritus.hr\/index.php\/wp-json\/wp\/v2\/tags?post=1792"}],"curies":[{"name":"wp","href":"https:\/\/api.w.org\/{rel}","templated":true}]}}