{"id":1822,"date":"2024-01-27T20:32:50","date_gmt":"2024-01-27T20:32:50","guid":{"rendered":"https:\/\/ekosspiritus.hr\/?p=1822"},"modified":"2024-01-27T20:32:54","modified_gmt":"2024-01-27T20:32:54","slug":"zeleni-otok-ocekuje-clanove-hpda-sv-patrik","status":"publish","type":"post","link":"https:\/\/ekosspiritus.hr\/index.php\/2024\/01\/27\/zeleni-otok-ocekuje-clanove-hpda-sv-patrik\/","title":{"rendered":"Zeleni otok o\u010dekuje \u010dlanove HPDa \u201eSv. Patrik\u201c"},"content":{"rendered":"\n<p>Jednom davno, davno, dok je jo\u0161 bilo mlado i dru\u0161tvo i \u010dlanovi u njemu ve\u0107 smo putovali u Irsku. Izvje\u0161taj s tog putovanja jo\u0161 postoji i mo\u017ee se pro\u010ditati na poveznici: <\/p>\n\n\n\n<p>A u nadolaze\u0107e ljeto novi \u010dlanovi sada ve\u0107 ozbiljno punoljetnog dvadesetogodi\u0161njeg dru\u0161tva (2004. \u2013 2024.) planiraju ponoviti sli\u010dnu pustolovinu. Okupili smo se na Cerini u subotu, 27. sije\u010dnja 2024. godine, u popodnevnim satima, kako bi se upoznali s planovima i stvorili o\u010dekivanja za putovanje koje se ve\u0107 sada vrlo te\u0161ko \u010deka.<\/p>\n\n\n\n<p>Zapo\u010deli smo s molitvom u kapeli sv. Izidora Seljaka, a zatim su Ana i Radovan govorili o svemu \u010demu se mo\u017eemo veseliti na navedenom putu koji je pred nama. Bio je to skup starih sje\u0107anja i novih iskustava. Irska se sigurno promijenila od na\u0161eg posljednjeg posjeta, ali kako nas sve ve\u017ee \u010dlanstvo u planinarskom dru\u0161tvu koje nosi ime sv. Patrika vjerujemo da \u0107emo ponovno na zelenom otoku osjetiti istu dobrodo\u0161licu.<\/p>\n\n\n\n<p>\u010clanovi koji su uspjeli na vrijeme poslati svoju prijavu i tako si osigurali mjesto u skupini su kratko govorili o motivima putovanja i me\u0111usobno se upoznavali. Obu\u010deni u zelene maice s logom dru\u0161tva i s velikim odu\u0161evljenjem kre\u0107emo i na ovaj put!<\/p>\n","protected":false},"excerpt":{"rendered":"<p>Jednom davno, davno, dok je jo\u0161 bilo mlado i dru\u0161tvo i \u010dlanovi u njemu ve\u0107 smo putovali u Irsku. Izvje\u0161taj s tog putovanja jo\u0161 postoji i mo\u017ee se pro\u010ditati na poveznici: A<a class=\"moretag\" href=\"https:\/\/ekosspiritus.hr\/index.php\/2024\/01\/27\/zeleni-otok-ocekuje-clanove-hpda-sv-patrik\/\">Read More&#8230;<\/a><\/p>\n","protected":false},"author":2,"featured_media":0,"comment_status":"closed","ping_status":"open","sticky":false,"template":"","format":"standard","meta":{"footnotes":""},"categories":[1],"tags":[],"class_list":["post-1822","post","type-post","status-publish","format-standard","hentry","category-ekosspiritus"],"_links":{"self":[{"href":"https:\/\/ekosspiritus.hr\/index.php\/wp-json\/wp\/v2\/posts\/1822","targetHints":{"allow":["GET"]}}],"collection":[{"href":"https:\/\/ekosspiritus.hr\/index.php\/wp-json\/wp\/v2\/posts"}],"about":[{"href":"https:\/\/ekosspiritus.hr\/index.php\/wp-json\/wp\/v2\/types\/post"}],"author":[{"embeddable":true,"href":"https:\/\/ekosspiritus.hr\/index.php\/wp-json\/wp\/v2\/users\/2"}],"replies":[{"embeddable":true,"href":"https:\/\/ekosspiritus.hr\/index.php\/wp-json\/wp\/v2\/comments?post=1822"}],"version-history":[{"count":1,"href":"https:\/\/ekosspiritus.hr\/index.php\/wp-json\/wp\/v2\/posts\/1822\/revisions"}],"predecessor-version":[{"id":1823,"href":"https:\/\/ekosspiritus.hr\/index.php\/wp-json\/wp\/v2\/posts\/1822\/revisions\/1823"}],"wp:attachment":[{"href":"https:\/\/ekosspiritus.hr\/index.php\/wp-json\/wp\/v2\/media?parent=1822"}],"wp:term":[{"taxonomy":"category","embeddable":true,"href":"https:\/\/ekosspiritus.hr\/index.php\/wp-json\/wp\/v2\/categories?post=1822"},{"taxonomy":"post_tag","embeddable":true,"href":"https:\/\/ekosspiritus.hr\/index.php\/wp-json\/wp\/v2\/tags?post=1822"}],"curies":[{"name":"wp","href":"https:\/\/api.w.org\/{rel}","templated":true}]}}