{"id":1826,"date":"2024-01-29T19:02:12","date_gmt":"2024-01-29T19:02:12","guid":{"rendered":"https:\/\/ekosspiritus.hr\/?p=1826"},"modified":"2024-02-16T10:51:18","modified_gmt":"2024-02-16T10:51:18","slug":"najavljujemo-godisnje-24-satno-klanjanje-na-cerini","status":"publish","type":"post","link":"https:\/\/ekosspiritus.hr\/index.php\/2024\/01\/29\/najavljujemo-godisnje-24-satno-klanjanje-na-cerini\/","title":{"rendered":"NAJAVLJUJEMO: Godi\u0161nje 24-satno KLANJANJE NA CERINI"},"content":{"rendered":"\n<p>NAJAVLJUJEMO: Godi\u0161nje 24-satno KLANJANJE NA CERINI<\/p>\n\n\n\n<p>\u201eGospodine, nau\u010di nas moliti.\u201c (Lk 11, 1)<\/p>\n\n\n\n<p>Godi\u0161nje euharistijsko klanjanje \u010dlanova udruge Ekosspiritus zapo\u010deti \u0107e u petak 16. velja\u010de 2024. u 16.00 sati, a zavr\u0161iti nakon 24 sata, euharistijom u subotu 17. velja\u010de. 2024. Prvi vikend korizme povu\u0107i \u0107emo se u ti\u0161inu, molitvu i razmatranje Rije\u010di Bo\u017eje. Tako \u010dinimo ve\u0107 nekoliko godina, \u017eelimo zahvaliti svom Gospodinu na mnogim lijepim plodovima koje primimo u zajednici tijekom godine.<\/p>\n\n\n\n<p>Presveti Oltarski Sakrament izlo\u017eiti \u0107e mjesni \u017eupnik Josip \u010colig, a zavr\u0161nu euharistiju vodit \u0107e mons. Zlatko Koren. Kapela sv. Izidora Seljaka koja se nalazi uz Planinarski dom Cerinski vir na Cerini&nbsp; biti \u0107e otvorena neprekidno, kroz 24 sata.<\/p>\n\n\n\n<p>Na klanjanje se pozivaju \u010dlanovi svih sekcija udruge Ekosspiritus: Zajednice Planinarskih kri\u017enih puteva, Katehetskog tima, Hrvatskog planinarskog dru\u0161tva sv. Patrika, Dru\u0161tva sv. Izidora Seljaka, Obiteljske zajednice i Bratov\u0161tine sv. Jakova apostola. Pridru\u017eiti \u0107e nam se i dragi \u017eupljani \u017eupe Duha Svetoga, Nor\u0161i\u0107 Selo i Sv. Ivana Krstitelja iz Luga Samoborskog. Dobro do\u0161li su i svi prijatelji i simpatizeri udruge.<\/p>\n\n\n\n<p>Svoj termin mo\u017eete rezervirati na mail <a href=\"mailto:katarina.pucar@gmail.com\">katarina.pucar@gmail.com<\/a><\/p>\n\n\n\n<p>Popis \u0107e se a\u017eurirati ovdje na stranici. <\/p>\n\n\n\n<p>Zapo\u010deti \u0107emo u 16.00 sati izlaganjem Presvetog Oltarskog Sakramenta<\/p>\n\n\n\n<p>16.00 \u2013 17.00 Radovan Libri\u0107<\/p>\n\n\n\n<p>17.00 \u2013 18.00 Vlado Kenda<\/p>\n\n\n\n<p>18.00 \u2013 19.00 Ante Bla\u017eevi\u0107<\/p>\n\n\n\n<p>19.00 \u2013 20 00 Zvonimir Matic<\/p>\n\n\n\n<p>20.00 \u2013 21.00&nbsp; Zajedni\u010dka ura<\/p>\n\n\n\n<p>21.00 \u2013 22.00 Zorana Mlikota i Dario \u017dnidari\u0107<\/p>\n\n\n\n<p>22. 00 \u2013 23.00 Ivan \u0160estak <\/p>\n\n\n\n<p>23.00 \u2013 24.00 Marko \u0160\u010drbec<\/p>\n\n\n\n<p>00.00 \u2013 01.00 Katarina Pu\u010dar<\/p>\n\n\n\n<p>01.00 \u2013 02.00 Stjepan Petek<\/p>\n\n\n\n<p>02.00 \u2013 03.00 Ivan Bri\u0161ki<\/p>\n\n\n\n<p>03.00 \u2013 04.00<\/p>\n\n\n\n<p>04.00- 05.00 Zeljka Mikuljan<\/p>\n\n\n\n<p>05.00 \u2013 06.00 Ivana Ramljak<\/p>\n\n\n\n<p>06.00 \u2013 07.00 Mario Kurtovi\u0107 <\/p>\n\n\n\n<p>07.00 \u2013 08.00 Tomislav Ivir<\/p>\n\n\n\n<p>08.00 \u2013 09.00 Mihovil Frater i Nikola Pejda<\/p>\n\n\n\n<p>09.00 \u2013 10.00 Svjetlana, Renata i Ivo<\/p>\n\n\n\n<p>10.00 \u2013 11.00 Lovorka i Vedran Pra\u017een<\/p>\n\n\n\n<p>11.00 \u2013 12.00 Ru\u017eica i Nikola \u0160oi\u0107<\/p>\n\n\n\n<p>12.00 \u2013 13.00 Tanja i \u017deljko Perkovi\u0107<\/p>\n\n\n\n<p>13.00- 14.00 Draga i Dario Brzoja<\/p>\n\n\n\n<p>14.00 \u2013 15.00 Ura Dru\u0161tva sv. Izidora Seljaka<\/p>\n\n\n\n<p>15.00 \u2013 16.00 Zajedni\u010dka ura i na kraju blagoslov s Presvetim<\/p>\n\n\n\n<p>16.00 Sveta misa koju predvodi mons. Zlatko Koren<\/p>\n","protected":false},"excerpt":{"rendered":"<p>NAJAVLJUJEMO: Godi\u0161nje 24-satno KLANJANJE NA CERINI \u201eGospodine, nau\u010di nas moliti.\u201c (Lk 11, 1) Godi\u0161nje euharistijsko klanjanje \u010dlanova udruge Ekosspiritus zapo\u010deti \u0107e u petak 16. velja\u010de 2024. u 16.00 sati, a zavr\u0161iti nakon<a class=\"moretag\" href=\"https:\/\/ekosspiritus.hr\/index.php\/2024\/01\/29\/najavljujemo-godisnje-24-satno-klanjanje-na-cerini\/\">Read More&#8230;<\/a><\/p>\n","protected":false},"author":2,"featured_media":0,"comment_status":"closed","ping_status":"open","sticky":false,"template":"","format":"standard","meta":{"footnotes":""},"categories":[1],"tags":[],"class_list":["post-1826","post","type-post","status-publish","format-standard","hentry","category-ekosspiritus"],"_links":{"self":[{"href":"https:\/\/ekosspiritus.hr\/index.php\/wp-json\/wp\/v2\/posts\/1826","targetHints":{"allow":["GET"]}}],"collection":[{"href":"https:\/\/ekosspiritus.hr\/index.php\/wp-json\/wp\/v2\/posts"}],"about":[{"href":"https:\/\/ekosspiritus.hr\/index.php\/wp-json\/wp\/v2\/types\/post"}],"author":[{"embeddable":true,"href":"https:\/\/ekosspiritus.hr\/index.php\/wp-json\/wp\/v2\/users\/2"}],"replies":[{"embeddable":true,"href":"https:\/\/ekosspiritus.hr\/index.php\/wp-json\/wp\/v2\/comments?post=1826"}],"version-history":[{"count":14,"href":"https:\/\/ekosspiritus.hr\/index.php\/wp-json\/wp\/v2\/posts\/1826\/revisions"}],"predecessor-version":[{"id":1848,"href":"https:\/\/ekosspiritus.hr\/index.php\/wp-json\/wp\/v2\/posts\/1826\/revisions\/1848"}],"wp:attachment":[{"href":"https:\/\/ekosspiritus.hr\/index.php\/wp-json\/wp\/v2\/media?parent=1826"}],"wp:term":[{"taxonomy":"category","embeddable":true,"href":"https:\/\/ekosspiritus.hr\/index.php\/wp-json\/wp\/v2\/categories?post=1826"},{"taxonomy":"post_tag","embeddable":true,"href":"https:\/\/ekosspiritus.hr\/index.php\/wp-json\/wp\/v2\/tags?post=1826"}],"curies":[{"name":"wp","href":"https:\/\/api.w.org\/{rel}","templated":true}]}}