{"id":1878,"date":"2024-05-12T08:46:54","date_gmt":"2024-05-12T08:46:54","guid":{"rendered":"https:\/\/ekosspiritus.hr\/?p=1878"},"modified":"2024-05-12T08:46:57","modified_gmt":"2024-05-12T08:46:57","slug":"dogodilo-se-izlet-na-stazu-malog-princa","status":"publish","type":"post","link":"https:\/\/ekosspiritus.hr\/index.php\/2024\/05\/12\/dogodilo-se-izlet-na-stazu-malog-princa\/","title":{"rendered":"DOGODILO SE: Izlet na Stazu Malog Princa"},"content":{"rendered":"\n<p>U subotu, 11. svibnja 2024. godine \u010dlanovi HPDa Sv. Patrik &nbsp;uputili su se na jednodnevni izlet na atraktivnu stazu Malog Princa koja se nalazi na podru\u010dju Crnopca na ju\u017enom Velebitu. Put nam je prije mnogo godina isplanirao Slavko Tomerlin \u2013 Tatek koji je istra\u017euju\u0107i put kroz labirint strmih stijena, uskih prolaza, jama i \u0161pilja stazu ozna\u010dio i osigurao sajlama i klinovima. Spretno i sretno, jer ovo je staza koja tra\u017ei oboje, pridru\u017eili smo se maloj skupini odabranih koji su do\u017eivjeli \u010daroliju Malog Princa.<\/p>\n\n\n\n<p>Krenuli smo rano ujutro s dva kombija vesele\u0107i se lijepom vremenu koje je obe\u0107avalo ugodan dan u planini. Uspon s parkirali\u0161ta do Planinarskog skloni\u0161ta Crnopac bio je dobro razgibavanje, a onda se kre\u0107e na samu stazu. U pripremi izleta imali smo dvije suprotstavljene struje mi\u0161ljenja, jedna kako je to previ\u0161e opasna staza za amatere i kako grupe ne bi trebalo voditi na nju i druga kako to nije ni\u0161ta, sve opake slike su nastale isklju\u010divo zbog kuta slikanja. Zaklju\u010dujemo kako je istina, kao i obi\u010dno, negdje u sredini. Po\u010detnicima u penjanju staza bi mogla biti zahtjevna i dobro je imati nekog iskustva u sli\u010dnim terenima za opu\u0161ten boravak i u\u017eivanje na izletu. Staza nikako nije za one koji se boje visine ili nisu spretni u kretanju koje je malo vi\u0161e od obi\u010dnog hodanja po ravnom. Ali ipak, staza nije toliko stra\u0161na, pogotovo ako imate povjerenja u ljude koji su uz vas i koji vam mogu pomo\u0107i \u2013 savjetom ili ispru\u017eenom rukom.<\/p>\n\n\n\n<p>Izlet su uz puno optimizma i podr\u0161ke vodili Karmela i Mario, a slu\u0161alo se \u017deljka. Voza\u010di kombija su nas potpuno samouvjereno nakon hoda odvezli i do izvora Une, kako bi se nagledali i zelenog i plavog. Zajedni\u010dkim snagama smo slo\u017eili foto-galeriju koju mo\u017eete pogledati na facebook stranici udruge.<\/p>\n","protected":false},"excerpt":{"rendered":"<p>U subotu, 11. svibnja 2024. godine \u010dlanovi HPDa Sv. Patrik &nbsp;uputili su se na jednodnevni izlet na atraktivnu stazu Malog Princa koja se nalazi na podru\u010dju Crnopca na ju\u017enom Velebitu. Put nam<a class=\"moretag\" href=\"https:\/\/ekosspiritus.hr\/index.php\/2024\/05\/12\/dogodilo-se-izlet-na-stazu-malog-princa\/\">Read More&#8230;<\/a><\/p>\n","protected":false},"author":2,"featured_media":0,"comment_status":"closed","ping_status":"open","sticky":false,"template":"","format":"standard","meta":{"footnotes":""},"categories":[1],"tags":[],"class_list":["post-1878","post","type-post","status-publish","format-standard","hentry","category-ekosspiritus"],"_links":{"self":[{"href":"https:\/\/ekosspiritus.hr\/index.php\/wp-json\/wp\/v2\/posts\/1878","targetHints":{"allow":["GET"]}}],"collection":[{"href":"https:\/\/ekosspiritus.hr\/index.php\/wp-json\/wp\/v2\/posts"}],"about":[{"href":"https:\/\/ekosspiritus.hr\/index.php\/wp-json\/wp\/v2\/types\/post"}],"author":[{"embeddable":true,"href":"https:\/\/ekosspiritus.hr\/index.php\/wp-json\/wp\/v2\/users\/2"}],"replies":[{"embeddable":true,"href":"https:\/\/ekosspiritus.hr\/index.php\/wp-json\/wp\/v2\/comments?post=1878"}],"version-history":[{"count":1,"href":"https:\/\/ekosspiritus.hr\/index.php\/wp-json\/wp\/v2\/posts\/1878\/revisions"}],"predecessor-version":[{"id":1879,"href":"https:\/\/ekosspiritus.hr\/index.php\/wp-json\/wp\/v2\/posts\/1878\/revisions\/1879"}],"wp:attachment":[{"href":"https:\/\/ekosspiritus.hr\/index.php\/wp-json\/wp\/v2\/media?parent=1878"}],"wp:term":[{"taxonomy":"category","embeddable":true,"href":"https:\/\/ekosspiritus.hr\/index.php\/wp-json\/wp\/v2\/categories?post=1878"},{"taxonomy":"post_tag","embeddable":true,"href":"https:\/\/ekosspiritus.hr\/index.php\/wp-json\/wp\/v2\/tags?post=1878"}],"curies":[{"name":"wp","href":"https:\/\/api.w.org\/{rel}","templated":true}]}}