{"id":1905,"date":"2024-09-30T12:07:44","date_gmt":"2024-09-30T12:07:44","guid":{"rendered":"https:\/\/ekosspiritus.hr\/?p=1905"},"modified":"2024-09-30T12:07:47","modified_gmt":"2024-09-30T12:07:47","slug":"dogodilo-se-vikend-u-nacionalnom-parku-sjeverni-velebit","status":"publish","type":"post","link":"https:\/\/ekosspiritus.hr\/index.php\/2024\/09\/30\/dogodilo-se-vikend-u-nacionalnom-parku-sjeverni-velebit\/","title":{"rendered":"DOGODILO SE: Vikend u Nacionalnom parku Sjeverni Velebit"},"content":{"rendered":"\n<p>Ki\u0161a je padala, lijevala, potapala. A mi smo kretali na Velebit. Subotnje jutro 28. rujna 2024. godine iz ku\u0107e je izvuklo zaista samo najhrabrije. Kako se pokazalo, hrabrost se uvijek isplati. Ne ba\u0161 posve pun autobus \u010dlanova i prijatelja Hrvatskog planinarskog dru\u0161tva \u201eSv. Patrika\u201c odva\u017eio se po\u0107i na put.<br>Dolaskom u Krasno obi\u0161li smo slikovito sveti\u0161te na brdu, te juna\u010dki krenuli tra\u017eiti jesen u Nacionalnom parku \u201eSjeverni Velebit\u201c. Parkirali\u0161te i nije bilo sasvim pusto, ali tamo su bili uglavnom autobusi, pojedince je vjerojatno prepla\u0161ilo vrijeme, za \u0161to, kako se pokazalo, i nije bilo pravog razloga. Nakon smje\u0161taja u planinarski dom na Zavi\u017eanu oblaci su se odvaljali nekamo na drugu stranu planine, pa smo mogli iza\u0107i na otvoreno. Obi\u0161li smo Kosu, popeli se na Balinovac, spustili u Botani\u010dki vrt, pomolili se kod kapelice sv. Ante. Nave\u010der su dva stola bila krcata proizvodima za zajedni\u010dki agape, a dru\u017eenje se nastavilo sve dok ku\u0107ni red nije oglasio da je vrijeme za spavanje.<br>Nadali smo se lijepoj i sun\u010danoj nedjelji, ali ponovno su oblaci i magla zakrili svaki pogled kroz prozore. Juna\u010dki smo se zaletjeli u sna\u017enu buru po Premu\u017ei\u0107evoj stazi sve do Rossijeve kolibe. Bilo je hladno, da. Ali sunce je ipak do\u0161lo, pogledi se otvorili, radost se poja\u010dala. Neki su si uzeli vremena, drugi se po\u017eurili da stignu na opro\u0161tajno pi\u0107e u planinarskom domu, ali svi, od djece do umirovljenika, uspje\u0161no su zaokru\u017eili dan.<br>Nedjeljnu svetu misu pohodili smo u Nacionalnom sveti\u0161tu Svetog Josipa u Karlovcu, gdje nas je pozdravio rektor, mons. Antun Sente.<br>Izlet je organizirao Radovan, a vodila ga je vremenska prognoza kojoj smo se prilago\u0111avali i zaista izvukli najbolje iz posljednjeg vikenda rujna, stvaraju\u0107i uspomene i planove za budu\u0107nost.<\/p>\n\n\n\n<p>Galeriju fotografija pogledajte na Facebok stranici udruge Ekosspiritus.<\/p>\n","protected":false},"excerpt":{"rendered":"<p>Ki\u0161a je padala, lijevala, potapala. A mi smo kretali na Velebit. Subotnje jutro 28. rujna 2024. godine iz ku\u0107e je izvuklo zaista samo najhrabrije. Kako se pokazalo, hrabrost se uvijek isplati. Ne<a class=\"moretag\" href=\"https:\/\/ekosspiritus.hr\/index.php\/2024\/09\/30\/dogodilo-se-vikend-u-nacionalnom-parku-sjeverni-velebit\/\">Read More&#8230;<\/a><\/p>\n","protected":false},"author":2,"featured_media":0,"comment_status":"closed","ping_status":"open","sticky":false,"template":"","format":"standard","meta":{"footnotes":""},"categories":[1],"tags":[],"class_list":["post-1905","post","type-post","status-publish","format-standard","hentry","category-ekosspiritus"],"_links":{"self":[{"href":"https:\/\/ekosspiritus.hr\/index.php\/wp-json\/wp\/v2\/posts\/1905","targetHints":{"allow":["GET"]}}],"collection":[{"href":"https:\/\/ekosspiritus.hr\/index.php\/wp-json\/wp\/v2\/posts"}],"about":[{"href":"https:\/\/ekosspiritus.hr\/index.php\/wp-json\/wp\/v2\/types\/post"}],"author":[{"embeddable":true,"href":"https:\/\/ekosspiritus.hr\/index.php\/wp-json\/wp\/v2\/users\/2"}],"replies":[{"embeddable":true,"href":"https:\/\/ekosspiritus.hr\/index.php\/wp-json\/wp\/v2\/comments?post=1905"}],"version-history":[{"count":1,"href":"https:\/\/ekosspiritus.hr\/index.php\/wp-json\/wp\/v2\/posts\/1905\/revisions"}],"predecessor-version":[{"id":1906,"href":"https:\/\/ekosspiritus.hr\/index.php\/wp-json\/wp\/v2\/posts\/1905\/revisions\/1906"}],"wp:attachment":[{"href":"https:\/\/ekosspiritus.hr\/index.php\/wp-json\/wp\/v2\/media?parent=1905"}],"wp:term":[{"taxonomy":"category","embeddable":true,"href":"https:\/\/ekosspiritus.hr\/index.php\/wp-json\/wp\/v2\/categories?post=1905"},{"taxonomy":"post_tag","embeddable":true,"href":"https:\/\/ekosspiritus.hr\/index.php\/wp-json\/wp\/v2\/tags?post=1905"}],"curies":[{"name":"wp","href":"https:\/\/api.w.org\/{rel}","templated":true}]}}