{"id":1912,"date":"2024-10-20T09:37:07","date_gmt":"2024-10-20T09:37:07","guid":{"rendered":"https:\/\/ekosspiritus.hr\/?p=1912"},"modified":"2024-10-20T09:37:09","modified_gmt":"2024-10-20T09:37:09","slug":"dogodilo-se-izlet-na-moslavacku-goru","status":"publish","type":"post","link":"https:\/\/ekosspiritus.hr\/index.php\/2024\/10\/20\/dogodilo-se-izlet-na-moslavacku-goru\/","title":{"rendered":"DOGODILO SE: Izlet na Moslava\u010dku goru"},"content":{"rendered":"\n<p>\u010clanovi i prijatelji HPD \u201eSv. Patrika\u201c u subotu, 19. listopada 2024. okupili su se za jednodnevni izlet na Moslava\u010dku goru. Zora protkana ki\u0161om nije nas obeshrabrila, vjerovali smo u obe\u0107anje lijepoga dana koji se na kraju zaista vi\u0161estruko obistinio.<\/p>\n\n\n\n<p>Okupljanje je bilo kod Karmele koja je vodila izlet i po\u010dastila sudionike doru\u010dkom od doma\u0107ih specijaliteta da odmah od jutra smognemo snage za hod koji je bio pred nama. Vo\u017enja automobilima do jezera Mikleu\u0161ka pro\u0161la je u dobrom raspolo\u017eenju koje se jo\u0161 pobolj\u0161alo kada smo sreli veselo dru\u0161tvo izletnika koji su odlu\u010dili provesti dan u ro\u0161tiljanju u prirodi. Zaustavili su na\u0161u malu dru\u017einu i sve nas po\u010dastili doma\u0107im rakijama \u2013 na\u0161lo se okusa za svako nepce. Iako smo se morali popeti do najvi\u0161eg vrha Moslavine Humka (489 m nm), uz sve okrepe koje su nas napadale prije polaska, i\u0161lo je vrlo glatko.<\/p>\n\n\n\n<p>Jesenske \u0161ume odvla\u010de sa staze obe\u0107anjem gljiva i kestena, a cijelo vrijeme pozadinski zvuk svojim tup \u2013 tupkanjem o tlo stvaraju \u017eirevi koji se ru\u0161e s hrastova. Oti\u0161li smo i na vrh i vidiovac Vis odakle je krasan pogled na dolinu ispod gore.<\/p>\n\n\n\n<p>Dalje nas je put vodio do ru\u0161evina samostana Bla\u017eene Djevice Marije zvanog \u201eBela crkva\u201c, najstariji samostan Reda bra\u0107e sv. Pavla prvog pustinjaka na podru\u010dju dana\u0161nje Hrvatske. Smje\u0161ten je na uzdignutom platou koji sa sve \u010detiri strane odre\u0111uje potok Kamenja\u010da, \u0161to je jam\u010dilo sigurnost i nalazi se nedaleko izvora koji je u funkciji i danas. Trenuta\u010dno je u procesu istra\u017eivanje i obnova. Po\u010detkom 20. stolje\u0107a Gjuro Szabo ga je opisao: \u201eIma do te ru\u0161evina sat te\u0161kog puta, a bez vodi\u010da ne\u0107e\u0161 je na\u0107i jer je gustom bukovom \u0161umom okru\u017eena.\u201c Pohvale za na\u0161u vodi\u010dicu koja je pogodila od prve i bez lutanja.<\/p>\n\n\n\n<p>Kako je na\u0161a planirana staza bila kru\u017ena, spu\u0161tali smo se odli\u010dno ozna\u010denom pou\u010dnom stazom uz potok, brzace i minijaturne slapove, zastajali na klupama s motivacijskim porukama koje su postavljene cijelim putem, radovali se danu u prirodi.<\/p>\n\n\n\n<p>Iskustvo smo zaoku\u017eili u pizzeriji Volare u Popova\u010di koju preporu\u010damo, doma\u0107ini su ljubazni i komunikativni, hrana odli\u010dna, cijene povoljne. Dolazak no\u0107i nas je natjerao da sve \u017eelje koje su jo\u0161 postojale odgodimo za neki sljede\u0107i izlet. Bit \u0107e vam \u017eao ako nam se ne pridru\u017eite.<\/p>\n\n\n\n<p>Galeriju fotografija pogledajte na facebook stranici udruge. <\/p>\n","protected":false},"excerpt":{"rendered":"<p>\u010clanovi i prijatelji HPD \u201eSv. Patrika\u201c u subotu, 19. listopada 2024. okupili su se za jednodnevni izlet na Moslava\u010dku goru. Zora protkana ki\u0161om nije nas obeshrabrila, vjerovali smo u obe\u0107anje lijepoga dana<a class=\"moretag\" href=\"https:\/\/ekosspiritus.hr\/index.php\/2024\/10\/20\/dogodilo-se-izlet-na-moslavacku-goru\/\">Read More&#8230;<\/a><\/p>\n","protected":false},"author":2,"featured_media":0,"comment_status":"closed","ping_status":"open","sticky":false,"template":"","format":"standard","meta":{"footnotes":""},"categories":[1],"tags":[],"class_list":["post-1912","post","type-post","status-publish","format-standard","hentry","category-ekosspiritus"],"_links":{"self":[{"href":"https:\/\/ekosspiritus.hr\/index.php\/wp-json\/wp\/v2\/posts\/1912","targetHints":{"allow":["GET"]}}],"collection":[{"href":"https:\/\/ekosspiritus.hr\/index.php\/wp-json\/wp\/v2\/posts"}],"about":[{"href":"https:\/\/ekosspiritus.hr\/index.php\/wp-json\/wp\/v2\/types\/post"}],"author":[{"embeddable":true,"href":"https:\/\/ekosspiritus.hr\/index.php\/wp-json\/wp\/v2\/users\/2"}],"replies":[{"embeddable":true,"href":"https:\/\/ekosspiritus.hr\/index.php\/wp-json\/wp\/v2\/comments?post=1912"}],"version-history":[{"count":1,"href":"https:\/\/ekosspiritus.hr\/index.php\/wp-json\/wp\/v2\/posts\/1912\/revisions"}],"predecessor-version":[{"id":1913,"href":"https:\/\/ekosspiritus.hr\/index.php\/wp-json\/wp\/v2\/posts\/1912\/revisions\/1913"}],"wp:attachment":[{"href":"https:\/\/ekosspiritus.hr\/index.php\/wp-json\/wp\/v2\/media?parent=1912"}],"wp:term":[{"taxonomy":"category","embeddable":true,"href":"https:\/\/ekosspiritus.hr\/index.php\/wp-json\/wp\/v2\/categories?post=1912"},{"taxonomy":"post_tag","embeddable":true,"href":"https:\/\/ekosspiritus.hr\/index.php\/wp-json\/wp\/v2\/tags?post=1912"}],"curies":[{"name":"wp","href":"https:\/\/api.w.org\/{rel}","templated":true}]}}