{"id":1924,"date":"2025-02-03T13:30:06","date_gmt":"2025-02-03T13:30:06","guid":{"rendered":"https:\/\/ekosspiritus.hr\/?p=1924"},"modified":"2025-02-03T13:30:07","modified_gmt":"2025-02-03T13:30:07","slug":"godisnji-plan-udruge-ekosspiritus-za-2025-godinu","status":"publish","type":"post","link":"https:\/\/ekosspiritus.hr\/index.php\/2025\/02\/03\/godisnji-plan-udruge-ekosspiritus-za-2025-godinu\/","title":{"rendered":"GODI\u0160NJI PLAN UDRUGE EKOSSPIRITUS za 2025. godinu"},"content":{"rendered":"\n<p><strong>Aktivnosti po mjesecima<\/strong><\/p>\n\n\n\n<p><strong>Sije\u010danj<\/strong><\/p>\n\n\n\n<p>5. sije\u010dnja (nedjelja): Zvezdari<\/p>\n\n\n\n<p>15. sije\u010dnja: sv. Anastazija, misa u \u017eupnoj crkvi u 18:00h<\/p>\n\n\n\n<p><strong>Velja\u010da<\/strong><\/p>\n\n\n\n<p>1. i 2. velja\u010de: Godi\u0161nja Skup\u0161tina Udruge, Stra\u017eeman<\/p>\n\n\n\n<p><strong>O\u017eujak<\/strong><\/p>\n\n\n\n<p>2. o\u017eujka (nedjelja): Hrvatska kakvu ne poznajete, Zvon\u010dari, Rijeka<\/p>\n\n\n\n<p>8. o\u017eujka (subota): Camino hod, susret hodo\u010dasnika koji putuju u Santiago u Samoborskom gorju<\/p>\n\n\n\n<p>14. i 15. o\u017eujka (petak i subota): Cjelodnevno klanjanje na Cerini<\/p>\n\n\n\n<p>14. i 15. o\u017eujka, Camino sajam u Milanu<\/p>\n\n\n\n<p>15. o\u017eujka (subota): Godi\u0161nja skup\u0161tina HPD-a, Cerina, Blagdan sv. Patrika<\/p>\n\n\n\n<p>22. i 23. o\u017eujka (subota i nedjelja): 15. godina Dru\u0161tva sv. Izidora Seljaka<\/p>\n\n\n\n<p><strong>Travanj<\/strong><\/p>\n\n\n\n<p>5. i 6. travnja (subota i nedjelja): 75. Planinarski kri\u017eni put, Slunj<\/p>\n\n\n\n<p>17.\/18. travnja (\u010detvrtak\/petak): No\u0107ni kri\u017eni put, Samobor (deset godina)<\/p>\n\n\n\n<p>27. travnja (nedjelja) pro\u0161tenje sv. Jurja na Cerini<\/p>\n\n\n\n<p><strong>Svibanj<\/strong><\/p>\n\n\n\n<p>17. svibnja (subota): Republika Slovenija, Vogel<\/p>\n\n\n\n<p>24. svibnja (subota): Lijepa li si\u2026 Vo\u0107in<\/p>\n\n\n\n<p>&nbsp;30. svibnja\/1. lipnja: Bosna i Hercegovina, \u010cvrsnica<\/p>\n\n\n\n<p><strong>Lipanj<\/strong><\/p>\n\n\n\n<p>1. lipnja (nedjelja): Jednodnevni planinarski izlet, Sljeme<\/p>\n\n\n\n<p>7. lipnja (subota): planinarski izlet Bilogora i blagoslov kipa sv. Jakova<\/p>\n\n\n\n<p>20. &#8211; 22. lipnja (petak \u2013 nedjelja): Kulturna ruta st. Wolfganga, Austrija\/Njema\u010dka ili neki drugi trodnevni planinarski program<\/p>\n\n\n\n<p>28. i 29. lipnja (subota i nedjelja): Izlet za katoli\u010dke mu\u017eeve i mladi\u0107e<\/p>\n\n\n\n<p><strong>Srpanj<\/strong><\/p>\n\n\n\n<p>11.\/12. \u2013 27. srpnja: Hodo\u010da\u0161\u0107e u Santiago de Compostelu<\/p>\n\n\n\n<p><strong>Kolovoz<\/strong><\/p>\n\n\n\n<p>2. \u2013 5. kolovoza (subota \u2013 utorak): Hodo\u010da\u0161\u0107e Samoboraca u Mariju Bistricu (300 godina)<\/p>\n\n\n\n<p>14. &#8211; 17. kolovoza (\u010detvrtak \u2013 nedjelja): Planinarski kamp &#8211; Veliko Rujno, Paklenica<\/p>\n\n\n\n<p>30. kolovoza (subota): Cerina; Legenda o sv. Ta\u017ei<\/p>\n\n\n\n<p><strong>Rujan<\/strong><\/p>\n\n\n\n<p>6. i 7. rujna (subota i nedjelja): Dvodnevni planinarski izlet; Lepoglava- Lobor \u2013 Belec<\/p>\n\n\n\n<p>20. i 21. rujan rujna (subota i nedjelja): Zavi\u017ean, dvodnevni planinarski izlet<\/p>\n\n\n\n<p>27. i 28. rujna (subota i nedjelja): Camino festival \u0160ibenik<\/p>\n\n\n\n<p><strong>Listopad<\/strong><\/p>\n\n\n\n<p>11. i 12. listopada (subota i nedjelja): 76. Planinarski kri\u017eni put,&nbsp; Samoborsko gorje<\/p>\n\n\n\n<p>25. i 26. listopada (subota i nedjelja): Mosor<\/p>\n\n\n\n<p><strong>Studeni<\/strong><\/p>\n\n\n\n<p>8. studenog (subota): Planinarski izlet u nepoznato<\/p>\n\n\n\n<p><strong>Prosinac<\/strong><\/p>\n\n\n\n<p>8. prosinca (ponedjeljak): postavljanje jaslica u javnim prostorima<\/p>\n\n\n\n<p>13. prosinca (subota): Adventsko putovanje<\/p>\n\n\n\n<p>27. prosinca (subota): Turnir u beli, Cerina<\/p>\n\n\n\n<p><strong>Sije\u010danj 2026.<\/strong><\/p>\n\n\n\n<p>5. sije\u010dnja: Zvezdari<\/p>\n\n\n\n<p>30. sije\u010dnja: No\u0107 muzeja na Cerini<\/p>\n","protected":false},"excerpt":{"rendered":"<p>Aktivnosti po mjesecima Sije\u010danj 5. sije\u010dnja (nedjelja): Zvezdari 15. sije\u010dnja: sv. Anastazija, misa u \u017eupnoj crkvi u 18:00h Velja\u010da 1. i 2. velja\u010de: Godi\u0161nja Skup\u0161tina Udruge, Stra\u017eeman O\u017eujak 2. o\u017eujka (nedjelja): Hrvatska<a class=\"moretag\" href=\"https:\/\/ekosspiritus.hr\/index.php\/2025\/02\/03\/godisnji-plan-udruge-ekosspiritus-za-2025-godinu\/\">Read More&#8230;<\/a><\/p>\n","protected":false},"author":2,"featured_media":0,"comment_status":"closed","ping_status":"open","sticky":false,"template":"","format":"standard","meta":{"footnotes":""},"categories":[1],"tags":[],"class_list":["post-1924","post","type-post","status-publish","format-standard","hentry","category-ekosspiritus"],"_links":{"self":[{"href":"https:\/\/ekosspiritus.hr\/index.php\/wp-json\/wp\/v2\/posts\/1924","targetHints":{"allow":["GET"]}}],"collection":[{"href":"https:\/\/ekosspiritus.hr\/index.php\/wp-json\/wp\/v2\/posts"}],"about":[{"href":"https:\/\/ekosspiritus.hr\/index.php\/wp-json\/wp\/v2\/types\/post"}],"author":[{"embeddable":true,"href":"https:\/\/ekosspiritus.hr\/index.php\/wp-json\/wp\/v2\/users\/2"}],"replies":[{"embeddable":true,"href":"https:\/\/ekosspiritus.hr\/index.php\/wp-json\/wp\/v2\/comments?post=1924"}],"version-history":[{"count":1,"href":"https:\/\/ekosspiritus.hr\/index.php\/wp-json\/wp\/v2\/posts\/1924\/revisions"}],"predecessor-version":[{"id":1925,"href":"https:\/\/ekosspiritus.hr\/index.php\/wp-json\/wp\/v2\/posts\/1924\/revisions\/1925"}],"wp:attachment":[{"href":"https:\/\/ekosspiritus.hr\/index.php\/wp-json\/wp\/v2\/media?parent=1924"}],"wp:term":[{"taxonomy":"category","embeddable":true,"href":"https:\/\/ekosspiritus.hr\/index.php\/wp-json\/wp\/v2\/categories?post=1924"},{"taxonomy":"post_tag","embeddable":true,"href":"https:\/\/ekosspiritus.hr\/index.php\/wp-json\/wp\/v2\/tags?post=1924"}],"curies":[{"name":"wp","href":"https:\/\/api.w.org\/{rel}","templated":true}]}}